{"id":45531,"date":"2026-04-30T18:03:49","date_gmt":"2026-04-30T16:03:49","guid":{"rendered":"https:\/\/sambacademy.com\/?p=45531"},"modified":"2026-04-30T18:13:47","modified_gmt":"2026-04-30T16:13:47","slug":"pourquoi-integrer-des-traitements-combines-a-votre-pratique","status":"publish","type":"post","link":"https:\/\/sambacademy.com\/fr\/pourquoi-integrer-des-traitements-combines-a-votre-pratique\/","title":{"rendered":"Pourquoi int\u00e9grer des traitements combin\u00e9s \u00e0 votre pratique ?"},"content":{"rendered":"\n<p>La m\u00e9decine esth\u00e9tique a beaucoup \u00e9volu\u00e9 ces derni\u00e8res ann\u00e9es, et la demande des patients aussi.<br>Aujourd\u2019hui nos patients veulent faire leur \u00e2ge, mais le faire bien. Ils sont conscients qu\u2019entretenir<br>la qualit\u00e9 de leur peau est essentiel.<\/p>\n\n\n\n<h2 class=\"wp-block-heading\"><br>Quels sont les b\u00e9n\u00e9fices d\u2019une approche globale du vieillissement cutan\u00e9 ?<\/h2>\n\n\n\n<p>Le vieillissement du visage ne se r\u00e9sume pas \u00e0 des rides ou \u00e0 une perte de volume, mais \u00e0 un<br>ensemble de m\u00e9canismes qui laissent appara\u00eetre :<\/p>\n\n\n\n<ul class=\"wp-block-list\">\n<li>des taches pigmentaires<\/li>\n\n\n\n<li>un rel\u00e2chement cutan\u00e9<\/li>\n\n\n\n<li>un grain de peau irr\u00e9gulier<\/li>\n\n\n\n<li>une alt\u00e9ration de l\u2019\u00e9lasticit\u00e9 et du rebondi de la peau<\/li>\n\n\n\n<li>une d\u00e9shydratation<\/li>\n\n\n\n<li>un teint terne, \u2026<\/li>\n<\/ul>\n\n\n\n<p>Il est tentant de corriger une ride ou de restaurer un volume par injection, car le r\u00e9sultat est<br>imm\u00e9diat et les patients en sont souvent tr\u00e8s satisfaits. Malheureusement seule une prise en<br>charge globale, int\u00e9grant \u00e9galement la qualit\u00e9 de peau, permet d\u2019obtenir des r\u00e9sultats harmonieux<br>et durables dans le temps.<\/p>\n\n\n\n<h2 class=\"wp-block-heading\">Sortir du \u201cseulement injectable\u201d<\/h2>\n\n\n\n<p>Le m\u00e9decin esth\u00e9tique est l\u2019architecte du visage.<br>Il ne se limite pas \u00e0 injecter : il construit une strat\u00e9gie sur le long terme en tenant compte des diff\u00e9rentes couches anatomiques du visage. C\u2019est tout l\u2019enjeu des techniques modernes dites des \u00ab 5 couches \u00bb, qui permettent de choisir le bon plan de traitement, le bon geste et la bonne combinaison de techniques selon chaque patient.<\/p>\n\n\n\n<p>\u00c9videmment, r\u00e9pondre \u00e0 la demande imm\u00e9diate du patient est important, mais le m\u00e9decin<br>esth\u00e9tique se doit de consid\u00e9rer la globalit\u00e9 de l\u2019identit\u00e9 du visage dans son plan de traitement.<br>L\u2019\u00e9ducation des patients \u00e0 la pr\u00e9vention des ph\u00e9nom\u00e8nes de vieillissement et au maintien d\u2019une<br>peau saine et lumineuse fait partie int\u00e9grante du r\u00f4le d\u2019un m\u00e9decin esth\u00e9tique.<\/p>\n\n\n\n<p>La m\u00e9decine esth\u00e9tique subit encore son association \u00e0 des visages sur-inject\u00e9s.<br>Les injections r\u00e9p\u00e9t\u00e9es, r\u00e9alis\u00e9es seules, sans strat\u00e9gie \u00e0 long terme ou dans un mauvais plan anatomique, donnent rarement des r\u00e9sultats naturels. C\u2019est pourquoi la formation aux techniques modernes d\u2019analyse et de traitement des 5 couches du visage est essentielle pour proposer une m\u00e9decine esth\u00e9tique plus s\u00fbre, plus harmonieuse et plus durable.<\/p>\n\n\n\n<h2 class=\"wp-block-heading\">Pourquoi combiner plusieurs techniques ?<\/h2>\n\n\n\n<p>\u00c0 chaque probl\u00e8me sa solution :<\/p>\n\n\n\n<ul class=\"wp-block-list\">\n<li>am\u00e9liorer la surface cutan\u00e9e (microneedling, peelings)<\/li>\n\n\n\n<li>maintenir l\u2019hydratation et la vitalit\u00e9 de la peau (m\u00e9soth\u00e9rapie)<\/li>\n\n\n\n<li>homog\u00e9n\u00e9iser le teint (lumi\u00e8re puls\u00e9e IPL)<\/li>\n\n\n\n<li>remettre en tension les tissus et stimuler les fibroblastes (radiofr\u00e9quence, ultrasons, PRP)<\/li>\n\n\n\n<li>puis, corriger ou restaurer avec la toxine botulique et l\u2019acide hyaluronique<\/li>\n<\/ul>\n\n\n\n<p>Toutes ces techniques sont compl\u00e9mentaires entre elles et permettent de fid\u00e9liser durablement vos<br>patients.<\/p>\n\n\n\n<p>Vous offrez ainsi une prise en charge globale du vieillissement, avec une vision \u00e0 long terme, et<br>non une simple r\u00e9ponse imm\u00e9diate. la m\u00e9decine esth\u00e9tique est \u00e0 ce stade un merveilleux terrain<br>de jeu o\u00f9 chaque patient est trait\u00e9 de mani\u00e8re personnalis\u00e9e, et o\u00f9 son identit\u00e9 et sa personnalit\u00e9<br>sont prises en consid\u00e9ration.<\/p>\n","protected":false},"excerpt":{"rendered":"<p>Les traitements combin\u00e9s permettent d\u2019aller au-del\u00e0 d\u2019une approche centr\u00e9e uniquement sur les injections. En associant analyse des diff\u00e9rentes couches du visage, qualit\u00e9 de peau, pr\u00e9vention et strat\u00e9gie \u00e0 long terme, le m\u00e9decin esth\u00e9tique peut proposer des r\u00e9sultats plus naturels, harmonieux et durables, adapt\u00e9s aux besoins de chaque patient.<\/p>\n","protected":false},"author":7,"featured_media":45535,"comment_status":"closed","ping_status":"open","sticky":false,"template":"","format":"standard","meta":{"content-type":"","_joinchat":[],"footnotes":"","_links_to":"","_links_to_target":""},"categories":[45],"tags":[],"class_list":["post-45531","post","type-post","status-publish","format-standard","has-post-thumbnail","hentry","category-articles-fr"],"yoast_head":"<!-- This site is optimized with the Yoast SEO plugin v27.5 - https:\/\/yoast.com\/product\/yoast-seo-wordpress\/ -->\n<title>Pourquoi int\u00e9grer des traitements combin\u00e9s \u00e0 votre pratique ? - SAMBA<\/title>\n<meta name=\"robots\" content=\"index, follow, max-snippet:-1, max-image-preview:large, max-video-preview:-1\" \/>\n<link rel=\"canonical\" href=\"https:\/\/sambacademy.com\/fr\/pourquoi-integrer-des-traitements-combines-a-votre-pratique\/\" \/>\n<meta property=\"og:locale\" content=\"fr_FR\" \/>\n<meta property=\"og:type\" content=\"article\" \/>\n<meta property=\"og:title\" content=\"Pourquoi int\u00e9grer des traitements combin\u00e9s \u00e0 votre pratique ? - SAMBA\" \/>\n<meta property=\"og:description\" content=\"Les traitements combin\u00e9s permettent d\u2019aller au-del\u00e0 d\u2019une approche centr\u00e9e uniquement sur les injections. En associant analyse des diff\u00e9rentes couches du visage, qualit\u00e9 de peau, pr\u00e9vention et strat\u00e9gie \u00e0 long terme, le m\u00e9decin esth\u00e9tique peut proposer des r\u00e9sultats plus naturels, harmonieux et durables, adapt\u00e9s aux besoins de chaque patient.\" \/>\n<meta property=\"og:url\" content=\"https:\/\/sambacademy.com\/fr\/pourquoi-integrer-des-traitements-combines-a-votre-pratique\/\" \/>\n<meta property=\"og:site_name\" content=\"SAMBA\" \/>\n<meta property=\"article:publisher\" content=\"https:\/\/www.facebook.com\/people\/SAMBA-Swiss-Aesthetic-Medicine-Business-Academy\/100084333172309\/\" \/>\n<meta property=\"article:published_time\" content=\"2026-04-30T16:03:49+00:00\" \/>\n<meta property=\"article:modified_time\" content=\"2026-04-30T16:13:47+00:00\" \/>\n<meta property=\"og:image\" content=\"http:\/\/sambacademy.com\/wp-content\/uploads\/2026\/04\/Pourquoi-integrer-des-traitements-combines-a-votre-pratique.jpg\" \/>\n\t<meta property=\"og:image:width\" content=\"1672\" \/>\n\t<meta property=\"og:image:height\" content=\"941\" \/>\n\t<meta property=\"og:image:type\" content=\"image\/jpeg\" \/>\n<meta name=\"author\" content=\"Oc\u00e9ane Formaz\" \/>\n<meta name=\"twitter:card\" content=\"summary_large_image\" \/>\n<meta name=\"twitter:label1\" content=\"\u00c9crit par\" \/>\n\t<meta name=\"twitter:data1\" content=\"Oc\u00e9ane Formaz\" \/>\n\t<meta name=\"twitter:label2\" content=\"Dur\u00e9e de lecture estim\u00e9e\" \/>\n\t<meta name=\"twitter:data2\" content=\"3 minutes\" \/>\n<script type=\"application\/ld+json\" class=\"yoast-schema-graph\">{\"@context\":\"https:\\\/\\\/schema.org\",\"@graph\":[{\"@type\":\"Article\",\"@id\":\"https:\\\/\\\/sambacademy.com\\\/fr\\\/pourquoi-integrer-des-traitements-combines-a-votre-pratique\\\/#article\",\"isPartOf\":{\"@id\":\"https:\\\/\\\/sambacademy.com\\\/fr\\\/pourquoi-integrer-des-traitements-combines-a-votre-pratique\\\/\"},\"author\":{\"name\":\"Oc\u00e9ane Formaz\",\"@id\":\"https:\\\/\\\/sambacademy.com\\\/fr\\\/#\\\/schema\\\/person\\\/5df3cbd0bb3ebcca5ac4d53743c18339\"},\"headline\":\"Pourquoi int\u00e9grer des traitements combin\u00e9s \u00e0 votre pratique ?\",\"datePublished\":\"2026-04-30T16:03:49+00:00\",\"dateModified\":\"2026-04-30T16:13:47+00:00\",\"mainEntityOfPage\":{\"@id\":\"https:\\\/\\\/sambacademy.com\\\/fr\\\/pourquoi-integrer-des-traitements-combines-a-votre-pratique\\\/\"},\"wordCount\":520,\"publisher\":{\"@id\":\"https:\\\/\\\/sambacademy.com\\\/fr\\\/#organization\"},\"image\":{\"@id\":\"https:\\\/\\\/sambacademy.com\\\/fr\\\/pourquoi-integrer-des-traitements-combines-a-votre-pratique\\\/#primaryimage\"},\"thumbnailUrl\":\"https:\\\/\\\/sambacademy.com\\\/wp-content\\\/uploads\\\/2026\\\/04\\\/Pourquoi-integrer-des-traitements-combines-a-votre-pratique.jpg\",\"articleSection\":[\"Articles\"],\"inLanguage\":\"fr-FR\"},{\"@type\":\"WebPage\",\"@id\":\"https:\\\/\\\/sambacademy.com\\\/fr\\\/pourquoi-integrer-des-traitements-combines-a-votre-pratique\\\/\",\"url\":\"https:\\\/\\\/sambacademy.com\\\/fr\\\/pourquoi-integrer-des-traitements-combines-a-votre-pratique\\\/\",\"name\":\"Pourquoi int\u00e9grer des traitements combin\u00e9s \u00e0 votre pratique ? - SAMBA\",\"isPartOf\":{\"@id\":\"https:\\\/\\\/sambacademy.com\\\/fr\\\/#website\"},\"primaryImageOfPage\":{\"@id\":\"https:\\\/\\\/sambacademy.com\\\/fr\\\/pourquoi-integrer-des-traitements-combines-a-votre-pratique\\\/#primaryimage\"},\"image\":{\"@id\":\"https:\\\/\\\/sambacademy.com\\\/fr\\\/pourquoi-integrer-des-traitements-combines-a-votre-pratique\\\/#primaryimage\"},\"thumbnailUrl\":\"https:\\\/\\\/sambacademy.com\\\/wp-content\\\/uploads\\\/2026\\\/04\\\/Pourquoi-integrer-des-traitements-combines-a-votre-pratique.jpg\",\"datePublished\":\"2026-04-30T16:03:49+00:00\",\"dateModified\":\"2026-04-30T16:13:47+00:00\",\"breadcrumb\":{\"@id\":\"https:\\\/\\\/sambacademy.com\\\/fr\\\/pourquoi-integrer-des-traitements-combines-a-votre-pratique\\\/#breadcrumb\"},\"inLanguage\":\"fr-FR\",\"potentialAction\":[{\"@type\":\"ReadAction\",\"target\":[\"https:\\\/\\\/sambacademy.com\\\/fr\\\/pourquoi-integrer-des-traitements-combines-a-votre-pratique\\\/\"]}]},{\"@type\":\"ImageObject\",\"inLanguage\":\"fr-FR\",\"@id\":\"https:\\\/\\\/sambacademy.com\\\/fr\\\/pourquoi-integrer-des-traitements-combines-a-votre-pratique\\\/#primaryimage\",\"url\":\"https:\\\/\\\/sambacademy.com\\\/wp-content\\\/uploads\\\/2026\\\/04\\\/Pourquoi-integrer-des-traitements-combines-a-votre-pratique.jpg\",\"contentUrl\":\"https:\\\/\\\/sambacademy.com\\\/wp-content\\\/uploads\\\/2026\\\/04\\\/Pourquoi-integrer-des-traitements-combines-a-votre-pratique.jpg\",\"width\":1672,\"height\":941},{\"@type\":\"BreadcrumbList\",\"@id\":\"https:\\\/\\\/sambacademy.com\\\/fr\\\/pourquoi-integrer-des-traitements-combines-a-votre-pratique\\\/#breadcrumb\",\"itemListElement\":[{\"@type\":\"ListItem\",\"position\":1,\"name\":\"Accueil\",\"item\":\"https:\\\/\\\/sambacademy.com\\\/fr\\\/accueil\\\/\"},{\"@type\":\"ListItem\",\"position\":2,\"name\":\"Pourquoi int\u00e9grer des traitements combin\u00e9s \u00e0 votre pratique ?\"}]},{\"@type\":\"WebSite\",\"@id\":\"https:\\\/\\\/sambacademy.com\\\/fr\\\/#website\",\"url\":\"https:\\\/\\\/sambacademy.com\\\/fr\\\/\",\"name\":\"SAMBA\",\"description\":\"Swiss Aesthetic Medicine and Business Academy\",\"publisher\":{\"@id\":\"https:\\\/\\\/sambacademy.com\\\/fr\\\/#organization\"},\"potentialAction\":[{\"@type\":\"SearchAction\",\"target\":{\"@type\":\"EntryPoint\",\"urlTemplate\":\"https:\\\/\\\/sambacademy.com\\\/fr\\\/?s={search_term_string}\"},\"query-input\":{\"@type\":\"PropertyValueSpecification\",\"valueRequired\":true,\"valueName\":\"search_term_string\"}}],\"inLanguage\":\"fr-FR\"},{\"@type\":\"Organization\",\"@id\":\"https:\\\/\\\/sambacademy.com\\\/fr\\\/#organization\",\"name\":\"SAMBA \u2013 Swiss Aesthetic Medicine and Business Academy\",\"url\":\"https:\\\/\\\/sambacademy.com\\\/fr\\\/\",\"logo\":{\"@type\":\"ImageObject\",\"inLanguage\":\"fr-FR\",\"@id\":\"https:\\\/\\\/sambacademy.com\\\/fr\\\/#\\\/schema\\\/logo\\\/image\\\/\",\"url\":\"https:\\\/\\\/sambacademy.com\\\/wp-content\\\/uploads\\\/2023\\\/10\\\/SAMBA_logo_tagline.png\",\"contentUrl\":\"https:\\\/\\\/sambacademy.com\\\/wp-content\\\/uploads\\\/2023\\\/10\\\/SAMBA_logo_tagline.png\",\"width\":600,\"height\":123,\"caption\":\"SAMBA \u2013 Swiss Aesthetic Medicine and Business Academy\"},\"image\":{\"@id\":\"https:\\\/\\\/sambacademy.com\\\/fr\\\/#\\\/schema\\\/logo\\\/image\\\/\"},\"sameAs\":[\"https:\\\/\\\/www.facebook.com\\\/people\\\/SAMBA-Swiss-Aesthetic-Medicine-Business-Academy\\\/100084333172309\\\/\",\"https:\\\/\\\/www.linkedin.com\\\/company\\\/samba-academy\\\/\",\"https:\\\/\\\/www.instagram.com\\\/samba_academy_official\\\/\"]},{\"@type\":\"Person\",\"@id\":\"https:\\\/\\\/sambacademy.com\\\/fr\\\/#\\\/schema\\\/person\\\/5df3cbd0bb3ebcca5ac4d53743c18339\",\"name\":\"Oc\u00e9ane Formaz\",\"image\":{\"@type\":\"ImageObject\",\"inLanguage\":\"fr-FR\",\"@id\":\"https:\\\/\\\/secure.gravatar.com\\\/avatar\\\/3a3c5b77676845f29e2b04f3b32643fb37a03bf5d220472ffc95233b95180c1a?s=96&d=mm&r=g\",\"url\":\"https:\\\/\\\/secure.gravatar.com\\\/avatar\\\/3a3c5b77676845f29e2b04f3b32643fb37a03bf5d220472ffc95233b95180c1a?s=96&d=mm&r=g\",\"contentUrl\":\"https:\\\/\\\/secure.gravatar.com\\\/avatar\\\/3a3c5b77676845f29e2b04f3b32643fb37a03bf5d220472ffc95233b95180c1a?s=96&d=mm&r=g\",\"caption\":\"Oc\u00e9ane Formaz\"},\"url\":\"https:\\\/\\\/sambacademy.com\\\/fr\\\/author\\\/oceane-formaz\\\/\"}]}<\/script>\n<!-- \/ Yoast SEO plugin. -->","yoast_head_json":{"title":"Pourquoi int\u00e9grer des traitements combin\u00e9s \u00e0 votre pratique ? - SAMBA","robots":{"index":"index","follow":"follow","max-snippet":"max-snippet:-1","max-image-preview":"max-image-preview:large","max-video-preview":"max-video-preview:-1"},"canonical":"https:\/\/sambacademy.com\/fr\/pourquoi-integrer-des-traitements-combines-a-votre-pratique\/","og_locale":"fr_FR","og_type":"article","og_title":"Pourquoi int\u00e9grer des traitements combin\u00e9s \u00e0 votre pratique ? - SAMBA","og_description":"Les traitements combin\u00e9s permettent d\u2019aller au-del\u00e0 d\u2019une approche centr\u00e9e uniquement sur les injections. En associant analyse des diff\u00e9rentes couches du visage, qualit\u00e9 de peau, pr\u00e9vention et strat\u00e9gie \u00e0 long terme, le m\u00e9decin esth\u00e9tique peut proposer des r\u00e9sultats plus naturels, harmonieux et durables, adapt\u00e9s aux besoins de chaque patient.","og_url":"https:\/\/sambacademy.com\/fr\/pourquoi-integrer-des-traitements-combines-a-votre-pratique\/","og_site_name":"SAMBA","article_publisher":"https:\/\/www.facebook.com\/people\/SAMBA-Swiss-Aesthetic-Medicine-Business-Academy\/100084333172309\/","article_published_time":"2026-04-30T16:03:49+00:00","article_modified_time":"2026-04-30T16:13:47+00:00","og_image":[{"width":1672,"height":941,"url":"http:\/\/sambacademy.com\/wp-content\/uploads\/2026\/04\/Pourquoi-integrer-des-traitements-combines-a-votre-pratique.jpg","type":"image\/jpeg"}],"author":"Oc\u00e9ane Formaz","twitter_card":"summary_large_image","twitter_misc":{"\u00c9crit par":"Oc\u00e9ane Formaz","Dur\u00e9e de lecture estim\u00e9e":"3 minutes"},"schema":{"@context":"https:\/\/schema.org","@graph":[{"@type":"Article","@id":"https:\/\/sambacademy.com\/fr\/pourquoi-integrer-des-traitements-combines-a-votre-pratique\/#article","isPartOf":{"@id":"https:\/\/sambacademy.com\/fr\/pourquoi-integrer-des-traitements-combines-a-votre-pratique\/"},"author":{"name":"Oc\u00e9ane Formaz","@id":"https:\/\/sambacademy.com\/fr\/#\/schema\/person\/5df3cbd0bb3ebcca5ac4d53743c18339"},"headline":"Pourquoi int\u00e9grer des traitements combin\u00e9s \u00e0 votre pratique ?","datePublished":"2026-04-30T16:03:49+00:00","dateModified":"2026-04-30T16:13:47+00:00","mainEntityOfPage":{"@id":"https:\/\/sambacademy.com\/fr\/pourquoi-integrer-des-traitements-combines-a-votre-pratique\/"},"wordCount":520,"publisher":{"@id":"https:\/\/sambacademy.com\/fr\/#organization"},"image":{"@id":"https:\/\/sambacademy.com\/fr\/pourquoi-integrer-des-traitements-combines-a-votre-pratique\/#primaryimage"},"thumbnailUrl":"https:\/\/sambacademy.com\/wp-content\/uploads\/2026\/04\/Pourquoi-integrer-des-traitements-combines-a-votre-pratique.jpg","articleSection":["Articles"],"inLanguage":"fr-FR"},{"@type":"WebPage","@id":"https:\/\/sambacademy.com\/fr\/pourquoi-integrer-des-traitements-combines-a-votre-pratique\/","url":"https:\/\/sambacademy.com\/fr\/pourquoi-integrer-des-traitements-combines-a-votre-pratique\/","name":"Pourquoi int\u00e9grer des traitements combin\u00e9s \u00e0 votre pratique ? - SAMBA","isPartOf":{"@id":"https:\/\/sambacademy.com\/fr\/#website"},"primaryImageOfPage":{"@id":"https:\/\/sambacademy.com\/fr\/pourquoi-integrer-des-traitements-combines-a-votre-pratique\/#primaryimage"},"image":{"@id":"https:\/\/sambacademy.com\/fr\/pourquoi-integrer-des-traitements-combines-a-votre-pratique\/#primaryimage"},"thumbnailUrl":"https:\/\/sambacademy.com\/wp-content\/uploads\/2026\/04\/Pourquoi-integrer-des-traitements-combines-a-votre-pratique.jpg","datePublished":"2026-04-30T16:03:49+00:00","dateModified":"2026-04-30T16:13:47+00:00","breadcrumb":{"@id":"https:\/\/sambacademy.com\/fr\/pourquoi-integrer-des-traitements-combines-a-votre-pratique\/#breadcrumb"},"inLanguage":"fr-FR","potentialAction":[{"@type":"ReadAction","target":["https:\/\/sambacademy.com\/fr\/pourquoi-integrer-des-traitements-combines-a-votre-pratique\/"]}]},{"@type":"ImageObject","inLanguage":"fr-FR","@id":"https:\/\/sambacademy.com\/fr\/pourquoi-integrer-des-traitements-combines-a-votre-pratique\/#primaryimage","url":"https:\/\/sambacademy.com\/wp-content\/uploads\/2026\/04\/Pourquoi-integrer-des-traitements-combines-a-votre-pratique.jpg","contentUrl":"https:\/\/sambacademy.com\/wp-content\/uploads\/2026\/04\/Pourquoi-integrer-des-traitements-combines-a-votre-pratique.jpg","width":1672,"height":941},{"@type":"BreadcrumbList","@id":"https:\/\/sambacademy.com\/fr\/pourquoi-integrer-des-traitements-combines-a-votre-pratique\/#breadcrumb","itemListElement":[{"@type":"ListItem","position":1,"name":"Accueil","item":"https:\/\/sambacademy.com\/fr\/accueil\/"},{"@type":"ListItem","position":2,"name":"Pourquoi int\u00e9grer des traitements combin\u00e9s \u00e0 votre pratique ?"}]},{"@type":"WebSite","@id":"https:\/\/sambacademy.com\/fr\/#website","url":"https:\/\/sambacademy.com\/fr\/","name":"SAMBA","description":"Swiss Aesthetic Medicine and Business Academy","publisher":{"@id":"https:\/\/sambacademy.com\/fr\/#organization"},"potentialAction":[{"@type":"SearchAction","target":{"@type":"EntryPoint","urlTemplate":"https:\/\/sambacademy.com\/fr\/?s={search_term_string}"},"query-input":{"@type":"PropertyValueSpecification","valueRequired":true,"valueName":"search_term_string"}}],"inLanguage":"fr-FR"},{"@type":"Organization","@id":"https:\/\/sambacademy.com\/fr\/#organization","name":"SAMBA \u2013 Swiss Aesthetic Medicine and Business Academy","url":"https:\/\/sambacademy.com\/fr\/","logo":{"@type":"ImageObject","inLanguage":"fr-FR","@id":"https:\/\/sambacademy.com\/fr\/#\/schema\/logo\/image\/","url":"https:\/\/sambacademy.com\/wp-content\/uploads\/2023\/10\/SAMBA_logo_tagline.png","contentUrl":"https:\/\/sambacademy.com\/wp-content\/uploads\/2023\/10\/SAMBA_logo_tagline.png","width":600,"height":123,"caption":"SAMBA \u2013 Swiss Aesthetic Medicine and Business Academy"},"image":{"@id":"https:\/\/sambacademy.com\/fr\/#\/schema\/logo\/image\/"},"sameAs":["https:\/\/www.facebook.com\/people\/SAMBA-Swiss-Aesthetic-Medicine-Business-Academy\/100084333172309\/","https:\/\/www.linkedin.com\/company\/samba-academy\/","https:\/\/www.instagram.com\/samba_academy_official\/"]},{"@type":"Person","@id":"https:\/\/sambacademy.com\/fr\/#\/schema\/person\/5df3cbd0bb3ebcca5ac4d53743c18339","name":"Oc\u00e9ane Formaz","image":{"@type":"ImageObject","inLanguage":"fr-FR","@id":"https:\/\/secure.gravatar.com\/avatar\/3a3c5b77676845f29e2b04f3b32643fb37a03bf5d220472ffc95233b95180c1a?s=96&d=mm&r=g","url":"https:\/\/secure.gravatar.com\/avatar\/3a3c5b77676845f29e2b04f3b32643fb37a03bf5d220472ffc95233b95180c1a?s=96&d=mm&r=g","contentUrl":"https:\/\/secure.gravatar.com\/avatar\/3a3c5b77676845f29e2b04f3b32643fb37a03bf5d220472ffc95233b95180c1a?s=96&d=mm&r=g","caption":"Oc\u00e9ane Formaz"},"url":"https:\/\/sambacademy.com\/fr\/author\/oceane-formaz\/"}]}},"_links":{"self":[{"href":"https:\/\/sambacademy.com\/fr\/wp-json\/wp\/v2\/posts\/45531","targetHints":{"allow":["GET"]}}],"collection":[{"href":"https:\/\/sambacademy.com\/fr\/wp-json\/wp\/v2\/posts"}],"about":[{"href":"https:\/\/sambacademy.com\/fr\/wp-json\/wp\/v2\/types\/post"}],"author":[{"embeddable":true,"href":"https:\/\/sambacademy.com\/fr\/wp-json\/wp\/v2\/users\/7"}],"replies":[{"embeddable":true,"href":"https:\/\/sambacademy.com\/fr\/wp-json\/wp\/v2\/comments?post=45531"}],"version-history":[{"count":1,"href":"https:\/\/sambacademy.com\/fr\/wp-json\/wp\/v2\/posts\/45531\/revisions"}],"predecessor-version":[{"id":45532,"href":"https:\/\/sambacademy.com\/fr\/wp-json\/wp\/v2\/posts\/45531\/revisions\/45532"}],"wp:featuredmedia":[{"embeddable":true,"href":"https:\/\/sambacademy.com\/fr\/wp-json\/wp\/v2\/media\/45535"}],"wp:attachment":[{"href":"https:\/\/sambacademy.com\/fr\/wp-json\/wp\/v2\/media?parent=45531"}],"wp:term":[{"taxonomy":"category","embeddable":true,"href":"https:\/\/sambacademy.com\/fr\/wp-json\/wp\/v2\/categories?post=45531"},{"taxonomy":"post_tag","embeddable":true,"href":"https:\/\/sambacademy.com\/fr\/wp-json\/wp\/v2\/tags?post=45531"}],"curies":[{"name":"wp","href":"https:\/\/api.w.org\/{rel}","templated":true}]}}