{"id":39914,"date":"2024-11-07T11:32:43","date_gmt":"2024-11-07T10:32:43","guid":{"rendered":"https:\/\/sambacademy.com\/?p=39914"},"modified":"2024-11-07T11:39:12","modified_gmt":"2024-11-07T10:39:12","slug":"la-formation-en-medecine-esthetique-en-belgique-un-exemple-a-suivre","status":"publish","type":"post","link":"https:\/\/sambacademy.com\/fr\/la-formation-en-medecine-esthetique-en-belgique-un-exemple-a-suivre\/","title":{"rendered":"La formation en m\u00e9decine esth\u00e9tique en Belgique : un exemple \u00e0 suivre"},"content":{"rendered":"\n<h2 class=\"wp-block-heading\">Une sp\u00e9cialit\u00e9 reconnue depuis 2013<\/h2>\n\n\n\n<h3 class=\"wp-block-heading\">La m\u00e9decine esth\u00e9tique non chirurgicale&nbsp;<\/h3>\n\n\n\n<p>En Belgique, une loi encadrant la pratique de la m\u00e9decine esth\u00e9tique a \u00e9t\u00e9 promue le 23 mai 2013 et publi\u00e9e officiellement le 2 juillet 2013.<\/p>\n\n\n\n<p>Cette loi vise \u00e0 encadrer la pratique de \u00ab&nbsp;la m\u00e9decine esth\u00e9tique non chirurgicale&nbsp;\u00bb qui se d\u00e9finit comme suit&nbsp;:<\/p>\n\n\n\n<ul class=\"wp-block-list\">\n<li>Tout acte technique m\u00e9dicale non chirurgical, r\u00e9alis\u00e9e \u00e0 l&rsquo;aide de tout instrument, substance chimique ou dispositif utilisant toute forme d&rsquo;\u00e9nergie, comportant un passage \u00e0 travers la peau ou les muqueuses, et visant principalement \u00e0 modifier l&rsquo;apparence corporelle d&rsquo;un patient \u00e0 des fins esth\u00e9tiques \u00e0 l&rsquo;exclusion de tout but th\u00e9rapeutique ou reconstructeur. Sont compris les dispositifs utilisant toute forme d&rsquo;\u00e9nergie, les dispositifs utilisant le laser de classe 4 ou sup\u00e9rieure ou la lumi\u00e8re puls\u00e9e intense.<\/li>\n<\/ul>\n\n\n\n<p><a href=\"https:\/\/etaamb.openjustice.be\/fr\/loi-du-23-mai-2013_n2013024225.html\" target=\"_blank\" rel=\"noreferrer noopener\"><strong>Art.2\u00a0 du 23 MAI 2013. &#8211; Loi r\u00e9glementant les qualifications requises pour poser des actes de m\u00e9decine esth\u00e9tique non chirurgicale et de chirurgie esth\u00e9tique<\/strong><\/a><\/p>\n\n\n\n<h3 class=\"wp-block-heading\">Qui est concern\u00e9e<\/h3>\n\n\n\n<p>Extraits de la loi. L\u2019enti\u00e8ret\u00e9 des habilitations listant dans la loi belge peut \u00eatre consult\u00e9e en cliquant <a href=\"https:\/\/etaamb.openjustice.be\/fr\/loi-du-23-mai-2013_n2013024225.html\">ici.<\/a><\/p>\n\n\n\n<p><strong><em>Art. 13. <\/em><\/strong><em>Les m\u00e9decins titulaires du titre professionnel de m\u00e9decin g\u00e9n\u00e9raliste vis\u00e9 \u00e0 l&rsquo;article 1er de l&rsquo;arr\u00eat\u00e9 royal du 25 novembre 1991 qui suivent une formation menant au titre professionnel de m\u00e9decin sp\u00e9cialiste en m\u00e9decine esth\u00e9tique non chirurgicale vis\u00e9 \u00e0 l&rsquo;article 1er du m\u00eame arr\u00eat\u00e9 royal peuvent poursuivre l&rsquo;exercice de la m\u00e9decine g\u00e9n\u00e9rale durant leur formation et pendant les deux ann\u00e9es qui suivent l&rsquo;obtention du titre de m\u00e9decin sp\u00e9cialiste en m\u00e9decine esth\u00e9tique non chirurgicale pr\u00e9cit\u00e9.<\/em><\/p>\n\n\n\n<p><strong><em>Art. 14. <\/em><\/strong><em>Les titulaires d&rsquo;un des titres professionnels particuliers r\u00e9serv\u00e9s aux titulaires d&rsquo;un dipl\u00f4me l\u00e9gal de licenci\u00e9 en sciences dentaires vis\u00e9 \u00e0 l&rsquo;article 3 de l\u2019arr\u00eat\u00e9 royal du 25 novembre 1991 sont habilit\u00e9s \u00e0 r\u00e9aliser l&rsquo;ensemble des actes relevant de la chirurgie esth\u00e9tique ou de la m\u00e9decine esth\u00e9tique non chirurgicale dans la r\u00e9gion intra-orale.<\/em><\/p>\n\n\n\n<p><strong><em>Art. 15.<\/em><\/strong><em> Les esth\u00e9ticiens disposant des comp\u00e9tences professionnelles fix\u00e9es par le Roi sont habilit\u00e9s \u00e0 utiliser les techniques d&rsquo;\u00e9pilation par laser de classe 4 ou par lumi\u00e8re puls\u00e9e intense, s&rsquo;ils ont suivi une formation fix\u00e9e par le<\/em> Roi.<\/p>\n\n\n\n<p>Cette loi est le fruit du travail constant et en concertation des acteurs de la fili\u00e8re en m\u00e9decine esth\u00e9tique en Belgique, et notamment de la <a href=\"https:\/\/sbme.be\/index.php\/formation\/\" target=\"_blank\" rel=\"noreferrer noopener\">Soci\u00e9t\u00e9 Belge de M\u00e9decine esth\u00e9tique (SBME\/BVEG)<\/a> qui a contribu\u00e9 \u00e0 l&rsquo;\u00e9criture de cette loi et soutenu sa promulgation.<\/p>\n\n\n\n<p>La m\u00e9decine esth\u00e9tique est une sp\u00e9cialit\u00e9 \u00e0 part enti\u00e8re en Belgique. Les docteurs en m\u00e9decine sont habilit\u00e9s \u00e0 pratiquer la m\u00e9decine esth\u00e9tique avec des sp\u00e9cificit\u00e9s selon la sp\u00e9cialit\u00e9 d&rsquo;origine. Les dentistes \u00e9galement, avec une limitation \u00e0 la zone intraorale.<\/p>\n\n\n\n<p>Tous sont soumis \u00e0 une obligation de formation sp\u00e9cifique et de formation continue.<\/p>\n\n\n\n<p>\u00c0 ma connaissance, peu de pays ont r\u00e9ussi \u00e0 promulguer une loi aussi claire et encadrante qui permet \u00e0 tout \u00e0 chacun de pratiquer la m\u00e9decine esth\u00e9tique dans le cadre qui lui est r\u00e9serv\u00e9 et sous couvert d\u2019une formation d\u00e9di\u00e9e. C&rsquo;est une avanc\u00e9e remarquable dont beaucoup de pays devraient s&rsquo;inspirer.<\/p>\n\n\n\n<h2 class=\"wp-block-heading\">La formation des m\u00e9decins esth\u00e9tiques belges<\/h2>\n\n\n\n<p>Une fois le cadre l\u00e9gal \u00e9dit\u00e9, il fallait disposer d\u2019une formation de qualit\u00e9 pour les m\u00e9decins souhaitant pratiquer la m\u00e9decine esth\u00e9tique. &nbsp;<\/p>\n\n\n\n<p>Il fallait une formation Evidence Based Medicine (EBM) faisant la synth\u00e8se des recommandations de bonnes pratiques actuelles afin d&rsquo;harmoniser les pratiques pour toujours plus de s\u00e9curit\u00e9 et d&rsquo;\u00e9thique.<\/p>\n\n\n\n<p>La m\u00e9decine esth\u00e9tique est une discipline qui r\u00e9pond tr\u00e8s bien au format \u00ab&nbsp;master&nbsp;\u00bb pour les professionnels de sant\u00e9.<\/p>\n\n\n\n<p>En effet, pour les m\u00e9decins g\u00e9n\u00e9ralistes, les dermatologues, chirurgiens plasticiens, les oto-rhinos-laryngologues, ophtalmologues, et encore bien d&rsquo;autres sp\u00e9cialistes&nbsp;:<\/p>\n\n\n\n<ul class=\"wp-block-list\">\n<li>Elle \u00ab&nbsp;s\u2019ajoute&nbsp;\u00bb aux connaissances communes \u00e0 tous les docteurs en m\u00e9decine qui ma\u00eetrisent la physiologie, l\u2019anatomie et la biologie cellulaire du corps humain.<\/li>\n\n\n\n<li>Elle est une discipline intersp\u00e9cialit\u00e9.<\/li>\n\n\n\n<li>Les recommandations de bonnes pratiques sont maintenant publi\u00e9es.<\/li>\n\n\n\n<li>Ses fondamentaux peuvent \u00eatre enseign\u00e9s dans leur totalit\u00e9 sur un format master ou DU, DIU.<\/li>\n<\/ul>\n\n\n\n<p>Mais pour faire une formation EBM r\u00e9pondant \u00e0 des crit\u00e8res stricts de p\u00e9dagogie m\u00e9dicale (UEMS), et sans conflit d\u2019int\u00e9r\u00eats, il faut des ressources humaines et financi\u00e8res priv\u00e9es tr\u00e8s importantes.<\/p>\n\n\n\n<p>C\u2019est ce que l\u2019acad\u00e9mie SAMBA a r\u00e9ussi \u00e0 faire en f\u00e9d\u00e9rant autour d\u2019une vision commune&nbsp;: des Professeurs, des KOL et des sp\u00e9cialistes reconnus ayant une rigueur scientifique et des valeurs \u00e9thiques irr\u00e9prochables, pour faire \u00e9merger une formation de base de r\u00e9f\u00e9rence en m\u00e9decine esth\u00e9tique.<\/p>\n\n\n\n<p>La SBME\/BVEG a donc cherch\u00e9 \u00e0 mettre \u00e0 disposition de tous ses membres une formation compl\u00e8te en m\u00e9decine esth\u00e9tique qui s&rsquo;inscrit dans le cadre l\u00e9gal belge.<\/p>\n\n\n\n<p>Comme le dipl\u00f4me SAMBA a \u00e9t\u00e9 pens\u00e9, cr\u00e9\u00e9, design\u00e9, audit\u00e9 et accr\u00e9dit\u00e9 pour r\u00e9pondre au besoin de formation en m\u00e9decine esth\u00e9tique des m\u00e9decins en Europe et \u00e0 travers le monde, nous avons \u00e9t\u00e9 honor\u00e9s d&rsquo;\u00eatre s\u00e9lectionn\u00e9s par la soci\u00e9t\u00e9 belge de m\u00e9decine esth\u00e9tique comme formation officielle pour leurs membres.<\/p>\n\n\n\n<p>La Belgique a donc, de mani\u00e8re pragmatique, r\u00e9ussi \u00e0 cadrer la pratique de la m\u00e9decine esth\u00e9tique sur son territoire en promulguant une loi claire et en se dotant d&rsquo;un outil de formation efficace qui permet de rapidement harmoniser les pratiques et de se conformer aux recommandations de bonnes pratiques actuelles en m\u00e9decine esth\u00e9tique.<\/p>\n\n\n\n<p>La solution de collaboration SBME\/BVEG est donc un mod\u00e8le vertueux qui devrait faire des \u00e9mules.<\/p>\n\n\n\n<p>Pour r\u00e9sum\u00e9 une loi claire et une formation de qualit\u00e9 qui s&rsquo;appuie sur des preuves scientifiques (EBM) avec des valeurs \u00e9thiques et de s\u00e9curit\u00e9 permettent \u00e0 la SBME\/BVEG d&rsquo;offrir un cadre d&rsquo;exercice de la m\u00e9decine esth\u00e9tique clair et sain \u00e0 ses membres.<\/p>\n\n\n\n<h2 class=\"wp-block-heading\">Une \u00e9tape de plus vers une harmonisation europ\u00e9enne<\/h2>\n\n\n\n<p><a href=\"https:\/\/sambacademy.com\/fr\/diplome-complet\/\">Le dipl\u00f4me de m\u00e9decine esth\u00e9tique SAMBA<\/a> a pour ambition de devenir une formation de r\u00e9f\u00e9rence au service des soci\u00e9t\u00e9s savantes de chaque pays.<\/p>\n\n\n\n<p>Nous allons promouvoir ce mod\u00e8le qui offre \u00e0 chaque gouvernement, minist\u00e8re de la Sant\u00e9, soci\u00e9t\u00e9s savantes, une solution simple, rapide et efficace pour r\u00e9guler la pratique de la m\u00e9decine esth\u00e9tique dans de bonnes conditions.<\/p>\n\n\n\n<p>Ceci permet d&rsquo;harmoniser les pratiques, de s&rsquo;assurer que les m\u00e9decins suivent les recommandations de bonnes pratiques publi\u00e9es et donc d&rsquo;augmenter la s\u00e9curit\u00e9 des traitements au b\u00e9n\u00e9fice des patients.<\/p>\n\n\n\n<p>Le meilleur des deux mondes, qui s&rsquo;associe au service de la sant\u00e9 publique et de la prise en charge des patients.<\/p>\n\n\n\n<h3 class=\"wp-block-heading\">Une collaboration gagnant-gagnant<\/h3>\n\n\n\n<p>La collaboration entre une soci\u00e9t\u00e9 savante et une formation priv\u00e9e permet de multiples synergies au b\u00e9n\u00e9fice des praticiens et du public.<\/p>\n\n\n\n<p>Les membres de la soci\u00e9t\u00e9 savante sont orient\u00e9s vers la formation et b\u00e9n\u00e9ficient d\u00e8s lors d&rsquo;un avantage sur les frais d&rsquo;inscription. Une partie des frais d&rsquo;inscription reviennent \u00e0 la soci\u00e9t\u00e9 savante qui peut, dans la continuit\u00e9 de la formation et de l&rsquo;acquisition des fondamentaux par ces m\u00e9decins membres, organiser des workshops, des congr\u00e8s, et des s\u00e9ances de formation continue tout au long de la carri\u00e8re de leurs m\u00e9decins membres.<\/p>\n\n\n\n<h3 class=\"wp-block-heading\">Une soci\u00e9t\u00e9 savante attractive&nbsp;et renforc\u00e9e<\/h3>\n\n\n\n<p>En effet, l&rsquo;attractivit\u00e9 de la soci\u00e9t\u00e9 savante est renforc\u00e9e, et le nombre d\u2019adh\u00e9rents augmente.<\/p>\n\n\n\n<p>Une formation de base commune permet aux soci\u00e9taires d\u2019\u00e9changer sur un postulat scientifique commun et de faire \u00e9voluer la sp\u00e9cialit\u00e9 au sein de la soci\u00e9t\u00e9.<\/p>\n\n\n\n<p>La cr\u00e9dibilit\u00e9 est renforc\u00e9e, car plus une soci\u00e9t\u00e9 savante vit, plus sa voix porte, plus sa capacit\u00e9 d&rsquo;action est importante et donc permet de bien repr\u00e9senter les int\u00e9r\u00eats de ses membres adh\u00e9rents.<\/p>\n\n\n\n<h3 class=\"wp-block-heading\">Une formation qui accompagne et f\u00e9d\u00e8re&nbsp;<\/h3>\n\n\n\n<p>L\u2019acad\u00e9mie, de son c\u00f4t\u00e9, peut cro\u00eetre et faire grandir la communaut\u00e9 et donc proposer du mentoring, des plateformes d\u2019\u00e9changes entre sp\u00e9cialistes, du parrainage, des nouveaux cours et des masterclass.<\/p>\n\n\n\n<p>Les \u00e9changes entre l\u2019acad\u00e9mie et les soci\u00e9t\u00e9s savantes permettent de f\u00e9d\u00e9rer une communaut\u00e9 active et motiv\u00e9e au b\u00e9n\u00e9fice final des patients.<\/p>\n\n\n\n<h3 class=\"wp-block-heading\">Une formation continue<\/h3>\n\n\n\n<p>La collaboration entre une soci\u00e9t\u00e9 savante et une formation priv\u00e9e permet de d\u00e9velopper une alternance entre l&rsquo;acquisition des fondamentaux et l&rsquo;organisation de divers \u00e9v\u00e9nements autour de la sp\u00e9cialit\u00e9, comme des workshops, des congr\u00e8s, des webinaires et tout autre support de formation qui peuvent \u00eatre organis\u00e9s par la soci\u00e9t\u00e9 savante ou en collaboration directe avec l\u2019acad\u00e9mie. &nbsp;Cela permet d&rsquo;offrir aux m\u00e9decins soci\u00e9taires et alumni, une offre de formation continue de qualit\u00e9 toujours \u00e0 la pointe de la connaissance et de l&rsquo;\u00e9volution de sa sp\u00e9cialit\u00e9.<\/p>\n\n\n\n<h3 class=\"wp-block-heading\">Des sp\u00e9cialit\u00e9s dans la sp\u00e9cialit\u00e9<\/h3>\n\n\n\n<p>Un autre effet b\u00e9n\u00e9fique de la synergie entre une soci\u00e9t\u00e9 savante ou le domaine public et la formation priv\u00e9e et la possibilit\u00e9 d&rsquo;offrir et de produire de nouveaux cours d\u00e9di\u00e9s \u00e0 des techniques sp\u00e9cifiques.<\/p>\n\n\n\n<p>Les demandes peuvent \u00e9maner des alumnis eux-m\u00eames qui, tout au long de leur carri\u00e8re, vont acqu\u00e9rir de nouvelles connaissances et seront demandeurs de formation sur des techniques bien sp\u00e9cifiques dans la sp\u00e9cialit\u00e9, telle que&nbsp;: les fils tenseurs, la rhinoplastie liquide, la gyn\u00e9cologie esth\u00e9tique, la gestion des complications ou d&rsquo;autres th\u00e8mes qui \u00e9mergeront avec les \u00e9volutions techniques et soci\u00e9tales.<\/p>\n\n\n\n<p>Ainsi, les m\u00e9decins qui s\u2019inscrivent dans ce processus de formation b\u00e9n\u00e9ficient d\u2019une base solide pour toute leur carri\u00e8re, mais aussi d\u2019un suivi et de possibilit\u00e9 de faire \u00e9voluer leur pratique dans le temps.<\/p>\n\n\n\n<h2 class=\"wp-block-heading\">&nbsp;<\/h2>\n\n\n\n<h2 class=\"wp-block-heading\">En conclusion<\/h2>\n\n\n\n<p>Gr\u00e2ce au travail remarquable et abouti de la SBME\/BVEG, la Belgique est l&rsquo;un des seuls pays \u00e0 reconna\u00eetre la m\u00e9decine esth\u00e9tique comme une sp\u00e9cialit\u00e9 depuis 2013.<\/p>\n\n\n\n<p>Avec cet esprit rigoureux, la SBME\/BVEG a audit\u00e9 en Europe les diverses formations priv\u00e9es en m\u00e9decine esth\u00e9tique existantes. Nous avons \u00e9t\u00e9 honor\u00e9s d&rsquo;\u00eatre s\u00e9lectionn\u00e9s pour \u00eatre la formation officielle recommand\u00e9e par la SBME\/BVEG, offrant ainsi \u00e0 tous ses membres belges une formation compl\u00e8te, sur un format hybride, accr\u00e9dit\u00e9e par l\u2019Union Europ\u00e9enne des M\u00e9decins Sp\u00e9cialistes (UEMS). Cette collaboration permet aux m\u00e9decins belges pratiquant la m\u00e9decine esth\u00e9tique d&rsquo;acqu\u00e9rir les fondamentaux de la sp\u00e9cialit\u00e9 \u00e9levant le niveau global de tous ces praticiens au b\u00e9n\u00e9fice premier des patients et du public.<\/p>\n\n\n\n<p>De plus, cette collaboration permet le d\u00e9veloppement de nouvelles formations et l&rsquo;assurance d&rsquo;une formation continue \u00e0 travers la mise en place de congr\u00e8s, de workshops et la production de nouveaux cours sur des th\u00e9matiques sp\u00e9cifiques.<\/p>\n\n\n\n<p>Cette collaboration, d\u00e9j\u00e0 pl\u00e9biscit\u00e9e, en appelle d&rsquo;autres et nous nous r\u00e9jouissons des prochaines \u00e9tapes vers l\u2019harmonisation des pratiques en m\u00e9decine esth\u00e9tique.<\/p>\n","protected":false},"excerpt":{"rendered":"<p>La Belgique est en train de r\u00e9volutionner la m\u00e9decine esth\u00e9tique en combinant r\u00e9gulation stricte et formation d\u2019excellence. D\u00e9couvrez comment ce mod\u00e8le unique, port\u00e9 par la collaboration entre la SBME et l\u2019acad\u00e9mie SAMBA, place la s\u00e9curit\u00e9 et l\u2019\u00e9thique au c\u0153ur de la pratique. Une inspiration pour d\u2019autres pays et un pas vers des standards internationaux \u00e9lev\u00e9s.<\/p>\n","protected":false},"author":2,"featured_media":39917,"comment_status":"closed","ping_status":"open","sticky":false,"template":"","format":"standard","meta":{"content-type":"","_joinchat":[],"footnotes":"","_links_to":"","_links_to_target":""},"categories":[45],"tags":[],"class_list":["post-39914","post","type-post","status-publish","format-standard","has-post-thumbnail","hentry","category-articles-fr"],"yoast_head":"<!-- This site is optimized with the Yoast SEO plugin v27.4 - https:\/\/yoast.com\/product\/yoast-seo-wordpress\/ -->\n<title>La formation en m\u00e9decine esth\u00e9tique en Belgique : un exemple \u00e0 suivre - SAMBA<\/title>\n<meta name=\"description\" content=\"D\u00e9couvrez comment la Belgique, pionni\u00e8re en m\u00e9decine esth\u00e9tique, allie r\u00e9gulation, s\u00e9curit\u00e9 et formation d\u2019excellence. Un mod\u00e8le inspirant qui pourrait bien red\u00e9finir les standards internationaux.\" \/>\n<meta name=\"robots\" content=\"index, follow, max-snippet:-1, max-image-preview:large, max-video-preview:-1\" \/>\n<link rel=\"canonical\" href=\"https:\/\/sambacademy.com\/fr\/la-formation-en-medecine-esthetique-en-belgique-un-exemple-a-suivre\/\" \/>\n<meta property=\"og:locale\" content=\"fr_FR\" \/>\n<meta property=\"og:type\" content=\"article\" \/>\n<meta property=\"og:title\" content=\"La formation en m\u00e9decine esth\u00e9tique en Belgique : un exemple \u00e0 suivre - SAMBA\" \/>\n<meta property=\"og:description\" content=\"D\u00e9couvrez comment la Belgique, pionni\u00e8re en m\u00e9decine esth\u00e9tique, allie r\u00e9gulation, s\u00e9curit\u00e9 et formation d\u2019excellence. Un mod\u00e8le inspirant qui pourrait bien red\u00e9finir les standards internationaux.\" \/>\n<meta property=\"og:url\" content=\"https:\/\/sambacademy.com\/fr\/la-formation-en-medecine-esthetique-en-belgique-un-exemple-a-suivre\/\" \/>\n<meta property=\"og:site_name\" content=\"SAMBA\" \/>\n<meta property=\"article:publisher\" content=\"https:\/\/www.facebook.com\/people\/SAMBA-Swiss-Aesthetic-Medicine-Business-Academy\/100084333172309\/\" \/>\n<meta property=\"article:published_time\" content=\"2024-11-07T10:32:43+00:00\" \/>\n<meta property=\"article:modified_time\" content=\"2024-11-07T10:39:12+00:00\" \/>\n<meta property=\"og:image\" content=\"https:\/\/sambacademy.com\/wp-content\/uploads\/2024\/11\/diplome_samba_couleur_v2.jpg\" \/>\n\t<meta property=\"og:image:width\" content=\"2000\" \/>\n\t<meta property=\"og:image:height\" content=\"1333\" \/>\n\t<meta property=\"og:image:type\" content=\"image\/jpeg\" \/>\n<meta name=\"author\" content=\"Guilhem Poron\" \/>\n<meta name=\"twitter:card\" content=\"summary_large_image\" \/>\n<meta name=\"twitter:label1\" content=\"\u00c9crit par\" \/>\n\t<meta name=\"twitter:data1\" content=\"Guilhem Poron\" \/>\n\t<meta name=\"twitter:label2\" content=\"Dur\u00e9e de lecture estim\u00e9e\" \/>\n\t<meta name=\"twitter:data2\" content=\"8 minutes\" \/>\n<script type=\"application\/ld+json\" class=\"yoast-schema-graph\">{\"@context\":\"https:\\\/\\\/schema.org\",\"@graph\":[{\"@type\":\"Article\",\"@id\":\"https:\\\/\\\/sambacademy.com\\\/fr\\\/la-formation-en-medecine-esthetique-en-belgique-un-exemple-a-suivre\\\/#article\",\"isPartOf\":{\"@id\":\"https:\\\/\\\/sambacademy.com\\\/fr\\\/la-formation-en-medecine-esthetique-en-belgique-un-exemple-a-suivre\\\/\"},\"author\":{\"name\":\"Guilhem Poron\",\"@id\":\"https:\\\/\\\/sambacademy.com\\\/fr\\\/#\\\/schema\\\/person\\\/256d2ddc54d974b865824343f2f17930\"},\"headline\":\"La formation en m\u00e9decine esth\u00e9tique en Belgique : un exemple \u00e0 suivre\",\"datePublished\":\"2024-11-07T10:32:43+00:00\",\"dateModified\":\"2024-11-07T10:39:12+00:00\",\"mainEntityOfPage\":{\"@id\":\"https:\\\/\\\/sambacademy.com\\\/fr\\\/la-formation-en-medecine-esthetique-en-belgique-un-exemple-a-suivre\\\/\"},\"wordCount\":1953,\"publisher\":{\"@id\":\"https:\\\/\\\/sambacademy.com\\\/fr\\\/#organization\"},\"image\":{\"@id\":\"https:\\\/\\\/sambacademy.com\\\/fr\\\/la-formation-en-medecine-esthetique-en-belgique-un-exemple-a-suivre\\\/#primaryimage\"},\"thumbnailUrl\":\"https:\\\/\\\/sambacademy.com\\\/wp-content\\\/uploads\\\/2024\\\/11\\\/diplome_samba_couleur_v2.jpg\",\"articleSection\":[\"Articles\"],\"inLanguage\":\"fr-FR\"},{\"@type\":\"WebPage\",\"@id\":\"https:\\\/\\\/sambacademy.com\\\/fr\\\/la-formation-en-medecine-esthetique-en-belgique-un-exemple-a-suivre\\\/\",\"url\":\"https:\\\/\\\/sambacademy.com\\\/fr\\\/la-formation-en-medecine-esthetique-en-belgique-un-exemple-a-suivre\\\/\",\"name\":\"La formation en m\u00e9decine esth\u00e9tique en Belgique : un exemple \u00e0 suivre - SAMBA\",\"isPartOf\":{\"@id\":\"https:\\\/\\\/sambacademy.com\\\/fr\\\/#website\"},\"primaryImageOfPage\":{\"@id\":\"https:\\\/\\\/sambacademy.com\\\/fr\\\/la-formation-en-medecine-esthetique-en-belgique-un-exemple-a-suivre\\\/#primaryimage\"},\"image\":{\"@id\":\"https:\\\/\\\/sambacademy.com\\\/fr\\\/la-formation-en-medecine-esthetique-en-belgique-un-exemple-a-suivre\\\/#primaryimage\"},\"thumbnailUrl\":\"https:\\\/\\\/sambacademy.com\\\/wp-content\\\/uploads\\\/2024\\\/11\\\/diplome_samba_couleur_v2.jpg\",\"datePublished\":\"2024-11-07T10:32:43+00:00\",\"dateModified\":\"2024-11-07T10:39:12+00:00\",\"description\":\"D\u00e9couvrez comment la Belgique, pionni\u00e8re en m\u00e9decine esth\u00e9tique, allie r\u00e9gulation, s\u00e9curit\u00e9 et formation d\u2019excellence. Un mod\u00e8le inspirant qui pourrait bien red\u00e9finir les standards internationaux.\",\"breadcrumb\":{\"@id\":\"https:\\\/\\\/sambacademy.com\\\/fr\\\/la-formation-en-medecine-esthetique-en-belgique-un-exemple-a-suivre\\\/#breadcrumb\"},\"inLanguage\":\"fr-FR\",\"potentialAction\":[{\"@type\":\"ReadAction\",\"target\":[\"https:\\\/\\\/sambacademy.com\\\/fr\\\/la-formation-en-medecine-esthetique-en-belgique-un-exemple-a-suivre\\\/\"]}]},{\"@type\":\"ImageObject\",\"inLanguage\":\"fr-FR\",\"@id\":\"https:\\\/\\\/sambacademy.com\\\/fr\\\/la-formation-en-medecine-esthetique-en-belgique-un-exemple-a-suivre\\\/#primaryimage\",\"url\":\"https:\\\/\\\/sambacademy.com\\\/wp-content\\\/uploads\\\/2024\\\/11\\\/diplome_samba_couleur_v2.jpg\",\"contentUrl\":\"https:\\\/\\\/sambacademy.com\\\/wp-content\\\/uploads\\\/2024\\\/11\\\/diplome_samba_couleur_v2.jpg\",\"width\":2000,\"height\":1333},{\"@type\":\"BreadcrumbList\",\"@id\":\"https:\\\/\\\/sambacademy.com\\\/fr\\\/la-formation-en-medecine-esthetique-en-belgique-un-exemple-a-suivre\\\/#breadcrumb\",\"itemListElement\":[{\"@type\":\"ListItem\",\"position\":1,\"name\":\"Accueil\",\"item\":\"https:\\\/\\\/sambacademy.com\\\/fr\\\/accueil\\\/\"},{\"@type\":\"ListItem\",\"position\":2,\"name\":\"La formation en m\u00e9decine esth\u00e9tique en Belgique : un exemple \u00e0 suivre\"}]},{\"@type\":\"WebSite\",\"@id\":\"https:\\\/\\\/sambacademy.com\\\/fr\\\/#website\",\"url\":\"https:\\\/\\\/sambacademy.com\\\/fr\\\/\",\"name\":\"SAMBA\",\"description\":\"Swiss Aesthetic Medicine and Business Academy\",\"publisher\":{\"@id\":\"https:\\\/\\\/sambacademy.com\\\/fr\\\/#organization\"},\"potentialAction\":[{\"@type\":\"SearchAction\",\"target\":{\"@type\":\"EntryPoint\",\"urlTemplate\":\"https:\\\/\\\/sambacademy.com\\\/fr\\\/?s={search_term_string}\"},\"query-input\":{\"@type\":\"PropertyValueSpecification\",\"valueRequired\":true,\"valueName\":\"search_term_string\"}}],\"inLanguage\":\"fr-FR\"},{\"@type\":\"Organization\",\"@id\":\"https:\\\/\\\/sambacademy.com\\\/fr\\\/#organization\",\"name\":\"SAMBA \u2013 Swiss Aesthetic Medicine and Business Academy\",\"url\":\"https:\\\/\\\/sambacademy.com\\\/fr\\\/\",\"logo\":{\"@type\":\"ImageObject\",\"inLanguage\":\"fr-FR\",\"@id\":\"https:\\\/\\\/sambacademy.com\\\/fr\\\/#\\\/schema\\\/logo\\\/image\\\/\",\"url\":\"https:\\\/\\\/sambacademy.com\\\/wp-content\\\/uploads\\\/2023\\\/10\\\/SAMBA_logo_tagline.png\",\"contentUrl\":\"https:\\\/\\\/sambacademy.com\\\/wp-content\\\/uploads\\\/2023\\\/10\\\/SAMBA_logo_tagline.png\",\"width\":600,\"height\":123,\"caption\":\"SAMBA \u2013 Swiss Aesthetic Medicine and Business Academy\"},\"image\":{\"@id\":\"https:\\\/\\\/sambacademy.com\\\/fr\\\/#\\\/schema\\\/logo\\\/image\\\/\"},\"sameAs\":[\"https:\\\/\\\/www.facebook.com\\\/people\\\/SAMBA-Swiss-Aesthetic-Medicine-Business-Academy\\\/100084333172309\\\/\",\"https:\\\/\\\/www.linkedin.com\\\/company\\\/samba-academy\\\/\",\"https:\\\/\\\/www.instagram.com\\\/samba_academy_official\\\/\"]},{\"@type\":\"Person\",\"@id\":\"https:\\\/\\\/sambacademy.com\\\/fr\\\/#\\\/schema\\\/person\\\/256d2ddc54d974b865824343f2f17930\",\"name\":\"Guilhem Poron\",\"image\":{\"@type\":\"ImageObject\",\"inLanguage\":\"fr-FR\",\"@id\":\"https:\\\/\\\/secure.gravatar.com\\\/avatar\\\/d7579bea9d06c4c7572786c05a6f1020d1a66c26aaadc64e48f4c4b729682bba?s=96&d=mm&r=g\",\"url\":\"https:\\\/\\\/secure.gravatar.com\\\/avatar\\\/d7579bea9d06c4c7572786c05a6f1020d1a66c26aaadc64e48f4c4b729682bba?s=96&d=mm&r=g\",\"contentUrl\":\"https:\\\/\\\/secure.gravatar.com\\\/avatar\\\/d7579bea9d06c4c7572786c05a6f1020d1a66c26aaadc64e48f4c4b729682bba?s=96&d=mm&r=g\",\"caption\":\"Guilhem Poron\"},\"url\":\"https:\\\/\\\/sambacademy.com\\\/fr\\\/author\\\/guilhem-poron\\\/\"}]}<\/script>\n<!-- \/ Yoast SEO plugin. -->","yoast_head_json":{"title":"La formation en m\u00e9decine esth\u00e9tique en Belgique : un exemple \u00e0 suivre - SAMBA","description":"D\u00e9couvrez comment la Belgique, pionni\u00e8re en m\u00e9decine esth\u00e9tique, allie r\u00e9gulation, s\u00e9curit\u00e9 et formation d\u2019excellence. Un mod\u00e8le inspirant qui pourrait bien red\u00e9finir les standards internationaux.","robots":{"index":"index","follow":"follow","max-snippet":"max-snippet:-1","max-image-preview":"max-image-preview:large","max-video-preview":"max-video-preview:-1"},"canonical":"https:\/\/sambacademy.com\/fr\/la-formation-en-medecine-esthetique-en-belgique-un-exemple-a-suivre\/","og_locale":"fr_FR","og_type":"article","og_title":"La formation en m\u00e9decine esth\u00e9tique en Belgique : un exemple \u00e0 suivre - SAMBA","og_description":"D\u00e9couvrez comment la Belgique, pionni\u00e8re en m\u00e9decine esth\u00e9tique, allie r\u00e9gulation, s\u00e9curit\u00e9 et formation d\u2019excellence. Un mod\u00e8le inspirant qui pourrait bien red\u00e9finir les standards internationaux.","og_url":"https:\/\/sambacademy.com\/fr\/la-formation-en-medecine-esthetique-en-belgique-un-exemple-a-suivre\/","og_site_name":"SAMBA","article_publisher":"https:\/\/www.facebook.com\/people\/SAMBA-Swiss-Aesthetic-Medicine-Business-Academy\/100084333172309\/","article_published_time":"2024-11-07T10:32:43+00:00","article_modified_time":"2024-11-07T10:39:12+00:00","og_image":[{"width":2000,"height":1333,"url":"https:\/\/sambacademy.com\/wp-content\/uploads\/2024\/11\/diplome_samba_couleur_v2.jpg","type":"image\/jpeg"}],"author":"Guilhem Poron","twitter_card":"summary_large_image","twitter_misc":{"\u00c9crit par":"Guilhem Poron","Dur\u00e9e de lecture estim\u00e9e":"8 minutes"},"schema":{"@context":"https:\/\/schema.org","@graph":[{"@type":"Article","@id":"https:\/\/sambacademy.com\/fr\/la-formation-en-medecine-esthetique-en-belgique-un-exemple-a-suivre\/#article","isPartOf":{"@id":"https:\/\/sambacademy.com\/fr\/la-formation-en-medecine-esthetique-en-belgique-un-exemple-a-suivre\/"},"author":{"name":"Guilhem Poron","@id":"https:\/\/sambacademy.com\/fr\/#\/schema\/person\/256d2ddc54d974b865824343f2f17930"},"headline":"La formation en m\u00e9decine esth\u00e9tique en Belgique : un exemple \u00e0 suivre","datePublished":"2024-11-07T10:32:43+00:00","dateModified":"2024-11-07T10:39:12+00:00","mainEntityOfPage":{"@id":"https:\/\/sambacademy.com\/fr\/la-formation-en-medecine-esthetique-en-belgique-un-exemple-a-suivre\/"},"wordCount":1953,"publisher":{"@id":"https:\/\/sambacademy.com\/fr\/#organization"},"image":{"@id":"https:\/\/sambacademy.com\/fr\/la-formation-en-medecine-esthetique-en-belgique-un-exemple-a-suivre\/#primaryimage"},"thumbnailUrl":"https:\/\/sambacademy.com\/wp-content\/uploads\/2024\/11\/diplome_samba_couleur_v2.jpg","articleSection":["Articles"],"inLanguage":"fr-FR"},{"@type":"WebPage","@id":"https:\/\/sambacademy.com\/fr\/la-formation-en-medecine-esthetique-en-belgique-un-exemple-a-suivre\/","url":"https:\/\/sambacademy.com\/fr\/la-formation-en-medecine-esthetique-en-belgique-un-exemple-a-suivre\/","name":"La formation en m\u00e9decine esth\u00e9tique en Belgique : un exemple \u00e0 suivre - SAMBA","isPartOf":{"@id":"https:\/\/sambacademy.com\/fr\/#website"},"primaryImageOfPage":{"@id":"https:\/\/sambacademy.com\/fr\/la-formation-en-medecine-esthetique-en-belgique-un-exemple-a-suivre\/#primaryimage"},"image":{"@id":"https:\/\/sambacademy.com\/fr\/la-formation-en-medecine-esthetique-en-belgique-un-exemple-a-suivre\/#primaryimage"},"thumbnailUrl":"https:\/\/sambacademy.com\/wp-content\/uploads\/2024\/11\/diplome_samba_couleur_v2.jpg","datePublished":"2024-11-07T10:32:43+00:00","dateModified":"2024-11-07T10:39:12+00:00","description":"D\u00e9couvrez comment la Belgique, pionni\u00e8re en m\u00e9decine esth\u00e9tique, allie r\u00e9gulation, s\u00e9curit\u00e9 et formation d\u2019excellence. Un mod\u00e8le inspirant qui pourrait bien red\u00e9finir les standards internationaux.","breadcrumb":{"@id":"https:\/\/sambacademy.com\/fr\/la-formation-en-medecine-esthetique-en-belgique-un-exemple-a-suivre\/#breadcrumb"},"inLanguage":"fr-FR","potentialAction":[{"@type":"ReadAction","target":["https:\/\/sambacademy.com\/fr\/la-formation-en-medecine-esthetique-en-belgique-un-exemple-a-suivre\/"]}]},{"@type":"ImageObject","inLanguage":"fr-FR","@id":"https:\/\/sambacademy.com\/fr\/la-formation-en-medecine-esthetique-en-belgique-un-exemple-a-suivre\/#primaryimage","url":"https:\/\/sambacademy.com\/wp-content\/uploads\/2024\/11\/diplome_samba_couleur_v2.jpg","contentUrl":"https:\/\/sambacademy.com\/wp-content\/uploads\/2024\/11\/diplome_samba_couleur_v2.jpg","width":2000,"height":1333},{"@type":"BreadcrumbList","@id":"https:\/\/sambacademy.com\/fr\/la-formation-en-medecine-esthetique-en-belgique-un-exemple-a-suivre\/#breadcrumb","itemListElement":[{"@type":"ListItem","position":1,"name":"Accueil","item":"https:\/\/sambacademy.com\/fr\/accueil\/"},{"@type":"ListItem","position":2,"name":"La formation en m\u00e9decine esth\u00e9tique en Belgique : un exemple \u00e0 suivre"}]},{"@type":"WebSite","@id":"https:\/\/sambacademy.com\/fr\/#website","url":"https:\/\/sambacademy.com\/fr\/","name":"SAMBA","description":"Swiss Aesthetic Medicine and Business Academy","publisher":{"@id":"https:\/\/sambacademy.com\/fr\/#organization"},"potentialAction":[{"@type":"SearchAction","target":{"@type":"EntryPoint","urlTemplate":"https:\/\/sambacademy.com\/fr\/?s={search_term_string}"},"query-input":{"@type":"PropertyValueSpecification","valueRequired":true,"valueName":"search_term_string"}}],"inLanguage":"fr-FR"},{"@type":"Organization","@id":"https:\/\/sambacademy.com\/fr\/#organization","name":"SAMBA \u2013 Swiss Aesthetic Medicine and Business Academy","url":"https:\/\/sambacademy.com\/fr\/","logo":{"@type":"ImageObject","inLanguage":"fr-FR","@id":"https:\/\/sambacademy.com\/fr\/#\/schema\/logo\/image\/","url":"https:\/\/sambacademy.com\/wp-content\/uploads\/2023\/10\/SAMBA_logo_tagline.png","contentUrl":"https:\/\/sambacademy.com\/wp-content\/uploads\/2023\/10\/SAMBA_logo_tagline.png","width":600,"height":123,"caption":"SAMBA \u2013 Swiss Aesthetic Medicine and Business Academy"},"image":{"@id":"https:\/\/sambacademy.com\/fr\/#\/schema\/logo\/image\/"},"sameAs":["https:\/\/www.facebook.com\/people\/SAMBA-Swiss-Aesthetic-Medicine-Business-Academy\/100084333172309\/","https:\/\/www.linkedin.com\/company\/samba-academy\/","https:\/\/www.instagram.com\/samba_academy_official\/"]},{"@type":"Person","@id":"https:\/\/sambacademy.com\/fr\/#\/schema\/person\/256d2ddc54d974b865824343f2f17930","name":"Guilhem Poron","image":{"@type":"ImageObject","inLanguage":"fr-FR","@id":"https:\/\/secure.gravatar.com\/avatar\/d7579bea9d06c4c7572786c05a6f1020d1a66c26aaadc64e48f4c4b729682bba?s=96&d=mm&r=g","url":"https:\/\/secure.gravatar.com\/avatar\/d7579bea9d06c4c7572786c05a6f1020d1a66c26aaadc64e48f4c4b729682bba?s=96&d=mm&r=g","contentUrl":"https:\/\/secure.gravatar.com\/avatar\/d7579bea9d06c4c7572786c05a6f1020d1a66c26aaadc64e48f4c4b729682bba?s=96&d=mm&r=g","caption":"Guilhem Poron"},"url":"https:\/\/sambacademy.com\/fr\/author\/guilhem-poron\/"}]}},"_links":{"self":[{"href":"https:\/\/sambacademy.com\/fr\/wp-json\/wp\/v2\/posts\/39914","targetHints":{"allow":["GET"]}}],"collection":[{"href":"https:\/\/sambacademy.com\/fr\/wp-json\/wp\/v2\/posts"}],"about":[{"href":"https:\/\/sambacademy.com\/fr\/wp-json\/wp\/v2\/types\/post"}],"author":[{"embeddable":true,"href":"https:\/\/sambacademy.com\/fr\/wp-json\/wp\/v2\/users\/2"}],"replies":[{"embeddable":true,"href":"https:\/\/sambacademy.com\/fr\/wp-json\/wp\/v2\/comments?post=39914"}],"version-history":[{"count":4,"href":"https:\/\/sambacademy.com\/fr\/wp-json\/wp\/v2\/posts\/39914\/revisions"}],"predecessor-version":[{"id":39920,"href":"https:\/\/sambacademy.com\/fr\/wp-json\/wp\/v2\/posts\/39914\/revisions\/39920"}],"wp:featuredmedia":[{"embeddable":true,"href":"https:\/\/sambacademy.com\/fr\/wp-json\/wp\/v2\/media\/39917"}],"wp:attachment":[{"href":"https:\/\/sambacademy.com\/fr\/wp-json\/wp\/v2\/media?parent=39914"}],"wp:term":[{"taxonomy":"category","embeddable":true,"href":"https:\/\/sambacademy.com\/fr\/wp-json\/wp\/v2\/categories?post=39914"},{"taxonomy":"post_tag","embeddable":true,"href":"https:\/\/sambacademy.com\/fr\/wp-json\/wp\/v2\/tags?post=39914"}],"curies":[{"name":"wp","href":"https:\/\/api.w.org\/{rel}","templated":true}]}}