{"id":37298,"date":"2024-03-15T16:11:41","date_gmt":"2024-03-15T15:11:41","guid":{"rendered":"https:\/\/sambacademy.com\/?p=37298"},"modified":"2024-04-26T10:55:15","modified_gmt":"2024-04-26T08:55:15","slug":"rencontre-dr-roland-ney-dr-luigi-polla","status":"publish","type":"post","link":"https:\/\/sambacademy.com\/fr\/rencontre-dr-roland-ney-dr-luigi-polla\/","title":{"rendered":"Les Pionniers de la M\u00e9decine Esth\u00e9tique : Rencontre avec le Dr Roland Ney et le Dr Luigi Polla"},"content":{"rendered":"\n<p class=\"has-background\" style=\"background-color:#ede7e3\">Pour une immersion compl\u00e8te dans leur conversation et d\u00e9couvrir l&rsquo;int\u00e9gralit\u00e9 de leurs r\u00e9flexions, <a href=\"https:\/\/vimeo.com\/915560996\" target=\"_blank\" rel=\"noreferrer noopener\">visionnez l\u2019interview en vid\u00e9o en cliquant ici<\/a>.<\/p>\n\n\n\n<div class=\"wp-block-columns is-layout-flex wp-container-core-columns-is-layout-28f84493 wp-block-columns-is-layout-flex\">\n<div class=\"wp-block-column is-layout-flow wp-block-column-is-layout-flow\">\n<p>Explorant les racines et les d\u00e9veloppements r\u00e9cents de la m\u00e9decine esth\u00e9tique, nous avons eu le privil\u00e8ge de dialoguer avec le Dr Roland Ney et le Dr Luigi Polla. Ces pionniers, par leurs trajectoires exceptionnelles et leurs avanc\u00e9es significatives, ont profond\u00e9ment influenc\u00e9 le champ de la m\u00e9decine esth\u00e9tique.<\/p>\n\n\n\n<p>Leur complicit\u00e9 est \u00e9vidente d\u00e8s les premiers \u00e9changes. De l\u2019acuponcture aux aiguilles d\u2019or aux Fillers d\u2019acide hyaluronique par le Dr Ney, \u00e0 la cr\u00e9ation par le Dr Polla du premier plateau laser en Europe, ces ma\u00eetres en esth\u00e9tique partagent des anecdotes captivantes et des le\u00e7ons tir\u00e9es de d\u00e9cennies de pratique. Imaginez le Dr Ney, se portant volontaire lors d&rsquo;un congr\u00e8s, se retrouvant avec les joues d&rsquo;un violet profond \u00e0 la suite d&rsquo;un traitement au laser, ou encore le Dr Polla, confront\u00e9 \u00e0 la stigmatisation en tant que \u00ab\u00a0mouton noir\u00a0\u00bb de la dermatologie pour avoir embrass\u00e9 la m\u00e9decine esth\u00e9tique.<\/p>\n\n\n\n<p>Ces r\u00e9cits in\u00e9dits, m\u00ealant exploits techniques et moments d&rsquo;humanit\u00e9 profonde, r\u00e9v\u00e8lent l&rsquo;\u00e9volution spectaculaire d&rsquo;un domaine o\u00f9 chaque avanc\u00e9e est une promesse de renouveau.<\/p>\n\n\n\n<p>Poursuivez la lecture pour une exploration intime de la m\u00e9decine esth\u00e9tique, o\u00f9 le pass\u00e9 et le futur se rencontrent pour esquisser le visage de demain.<\/p>\n<\/div>\n<\/div>\n\n\n\n<h2 class=\"wp-block-heading\">Pouvez-vous vous pr\u00e9senter en quelques mots ?<\/h2>\n\n\n\n<p><strong>Roland Ney<\/strong> : (regardant Luigi Polla avec un sourire) Tu veux commencer ?<\/p>\n\n\n\n<p><strong>Luigi Polla<\/strong> : Non, tu commences.<\/p>\n\n\n\n<p><strong>Roland Ney<\/strong> : D&rsquo;accord. Alors, je suis docteur Roland Ney, avec une formation en m\u00e9decine interne g\u00e9n\u00e9rale. J&rsquo;ai diverses exp\u00e9riences professionnelles puisque j&rsquo;ai d\u00e9but\u00e9 dans la m\u00e9decine tropicale et la g\u00e9n\u00e9tique des populations en Indon\u00e9sie, avant de revenir \u00e0 la m\u00e9decine interne. Par la suite, j&rsquo;ai ouvert un cabinet pr\u00e8s de Lausanne o\u00f9 j&rsquo;ai pratiqu\u00e9 la m\u00e9decine g\u00e9n\u00e9rale et l&rsquo;acupuncture pendant 20 ans. C&rsquo;est par l&rsquo;acupuncture que je me suis orient\u00e9, malgr\u00e9 moi, mais \u00e0 mon grand plaisir, vers la m\u00e9decine esth\u00e9tique. \u00c0 partir des ann\u00e9es 86, j&rsquo;ai initi\u00e9 des traitements d&rsquo;acupuncture avec des aiguilles d&rsquo;or pour tonifier la peau du visage. Mes patientes, tr\u00e8s contentes, venaient tous les trois mois. J&rsquo;ai \u00e9t\u00e9 ensuite naturellement pouss\u00e9 vers le traitement des rides, notamment avec l&rsquo;apparition du collag\u00e8ne de b\u0153uf sur le march\u00e9 dans les ann\u00e9es 90. C&rsquo;est ainsi que j&rsquo;ai commenc\u00e9 \u00e0 m&rsquo;injecter dans le domaine de la m\u00e9decine esth\u00e9tique.<\/p>\n\n\n\n<p><strong>Luigi Polla<\/strong> : Impressionnant. Pour ma part, je suis dermatologue, avec une sous-sp\u00e9cialit\u00e9. \u00c0 mon retour en Suisse, j&rsquo;ai cr\u00e9\u00e9 le premier v\u00e9ritable plateau laser en Europe, ce qui m&rsquo;a permis de traiter de nombreux enfants souffrant d\u2019angiome plan, ces taches rouges du visage, ainsi que des tatouages de l&rsquo;\u00e9poque. Je suis entr\u00e9 en m\u00e9decine esth\u00e9tique par hasard, en traitant les dyschromies du visage, qu&rsquo;il s&rsquo;agisse de vaisseaux ou de pigmentation. J&rsquo;ai alors d\u00e9cid\u00e9 de cr\u00e9er ma clinique, une clinique d\u00e9di\u00e9e \u00e0 l&rsquo;esth\u00e9tique, tout en continuant la dermatologie \u00e0 mi-temps. Quelques ann\u00e9es plus tard, j&rsquo;ai \u00e9t\u00e9 codirecteur scientifique \u00e0 l\u2019IMCAS. Avec mon ami Roland, nous avons fond\u00e9 la Soci\u00e9t\u00e9 de m\u00e9decine et de chirurgie esth\u00e9tique, dans l&rsquo;id\u00e9e d&rsquo;\u00e9changer et de progresser dans notre apprentissage de la m\u00e9decine.<\/p>\n\n\n\n<h2 class=\"wp-block-heading\">\u00c0 quand remonte votre premi\u00e8re exp\u00e9rience en m\u00e9decine esth\u00e9tique ?<\/h2>\n\n\n\n<p><strong>Roland Ney<\/strong> : Pour moi, cela remonte au traitement d&rsquo;acupuncture esth\u00e9tique. On ne traitait pas de maladie, mais on avait une approche purement esth\u00e9tique pour am\u00e9liorer la qualit\u00e9 de la peau.<\/p>\n\n\n\n<p><strong>Luigi Polla<\/strong> : En tant que dermatologue, j&rsquo;avais commenc\u00e9 par scl\u00e9roser des petites v\u00e9nules sur les jambes des patientes. C&rsquo;\u00e9tait avant 1986, avant que je parte aux \u00c9tats-Unis. En revenant, j&rsquo;ai inject\u00e9 du collag\u00e8ne de b\u0153uf, comme Roland. Mes premi\u00e8res injections datent de 1986. Et gr\u00e2ce au laser, j&rsquo;ai commenc\u00e9 \u00e0 enlever des choses qui n&rsquo;\u00e9taient pas esth\u00e9tiques, m\u00eame si \u00e0 ce moment-l\u00e0, je pensais juste faire de la dermatologie.<\/p>\n\n\n\n<p><strong>Roland Ney<\/strong> : Notre activit\u00e9 de base a \u00e9t\u00e9 progressivement recouverte par la m\u00e9decine esth\u00e9tique. Plus le temps passait, plus on voyait que ce domaine se complexifiait et nous avions de plus en plus de t\u00e2ches organisationnelles dans nos cliniques. Petit \u00e0 petit, nos traitements de base, comme la dermatologie pour Luigi ou la m\u00e9decine g\u00e9n\u00e9rale pour moi, ont pris moins de place dans notre pratique que la m\u00e9decine esth\u00e9tique.<\/p>\n\n\n\n<h2 class=\"wp-block-heading\">Quelles ont \u00e9t\u00e9 les grandes \u00e9tapes qui ont men\u00e9 \u00e0 la m\u00e9decine esth\u00e9tique moderne que l&rsquo;on conna\u00eet en 2023 ? Et l\u2019utilisation moderne des lasers en m\u00e9decine esth\u00e9tique ?<\/h2>\n\n\n\n<p><strong>Luigi Polla :<\/strong> Je dirais que le grand basculement entre la m\u00e9decine esth\u00e9tique presque archa\u00efque et la m\u00e9decine esth\u00e9tique moderne a correspondu \u00e0 l&rsquo;arriv\u00e9e des acides hyaluroniques sur le march\u00e9 du botox et des lasers capables d&rsquo;\u00e9liminer de fa\u00e7on sp\u00e9cifique certains \u00e9l\u00e9ments pas beaux.<\/p>\n\n\n\n<p><strong>Roland Ney :<\/strong> Il faut r\u00e9aliser qu\u2019au d\u00e9part, dans les ann\u00e9es 80, la m\u00e9decine esth\u00e9tique \u00e9tait d\u00e9butante. Elle n&rsquo;int\u00e9ressait personne et les dermatologues, \u00e0 part Luigi, \u00e9taient extr\u00eamement peu int\u00e9ress\u00e9s. Ils disaient&nbsp;: \u00ab&nbsp;Ce n&rsquo;est pas de la m\u00e9decine, c&rsquo;est du commerce et nous, on n&rsquo;est pas des commer\u00e7ants&nbsp;\u00bb. Donc au fond, \u00e7a s&rsquo;est d\u00e9velopp\u00e9 au fur et \u00e0 mesure que des techniques et que l&rsquo;industrie s&rsquo;est int\u00e9ress\u00e9e \u00e0 ce sujet, voyant le d\u00e9veloppement qu&rsquo;il pouvait y avoir plus tard. Alors que la m\u00e9decine classique qu&rsquo;on fait elle a des g\u00e9n\u00e9rations et des g\u00e9n\u00e9rations d&rsquo;anciennet\u00e9, la m\u00e9decine esth\u00e9tique ne l&rsquo;a pas du tout. Donc la m\u00e9decine esth\u00e9tique, je dirais, elle n&rsquo;a m\u00eame pas 50 ans. Elle en a plut\u00f4t 35.<\/p>\n\n\n\n<p><strong>Luigi Polla :<\/strong> Au d\u00e9part, rien n&rsquo;\u00e9tait structur\u00e9. On apprenait entre coll\u00e8gues, n&rsquo;est-ce pas ? Et puis justement ce qui a permis d&rsquo;avancer, \u00e7a a \u00e9t\u00e9 comme j\u2019ai tout \u00e0 l&rsquo;heure, ces trois \u00e9l\u00e9ments qui ont permis d&rsquo;avoir beaucoup moins d&rsquo;effets secondaires. C&rsquo;\u00e9tait vraiment si on agissait selon l&rsquo;art de la m\u00e9decine esth\u00e9tique et de la m\u00e9decine, on \u00e9vitait un maximum d&rsquo;effets secondaires. Et ceci a permis de vulgariser la m\u00e9decine esth\u00e9tique avec l&rsquo;entr\u00e9e non seulement de l&rsquo;industrie, mais aussi des m\u00e9dias. Les m\u00e9dias, tout \u00e0 coup, se sont, je ne sais pas si tu l\u2019as dit, mais se sont int\u00e9ress\u00e9s en devenant positifs par rapport \u00e0 la m\u00e9decine esth\u00e9tique, comprenant que c&rsquo;\u00e9tait un ph\u00e9nom\u00e8ne de soci\u00e9t\u00e9. Et \u00e7a, c&rsquo;\u00e9tait un grand pas en avant. Ensuite, je dirais qu&rsquo;il y a eu \u00e9galement une meilleure compr\u00e9hension de l&rsquo;anatomie tout court, du visage et du vieillissement, de l&rsquo;anatomie du vieillissement, comment un visage vieillit, etc. Ceci, bien s\u00fbr, gr\u00e2ce \u00e0 l&rsquo;implication d&rsquo;\u00e9norm\u00e9ment de chercheurs et anatomistes et puis aussi l\u2019imagerie m\u00e9dicale et tout \u00e7a afin que \u00e7a a explos\u00e9.<\/p>\n\n\n\n<h2 class=\"wp-block-heading\">Pouvez-vous nous raconter l&rsquo;histoire des fillers ?<\/h2>\n\n\n\n<blockquote class=\"wp-block-quote has-background is-layout-flow wp-block-quote-is-layout-flow\" style=\"background-color:#e4eeed\">\n<p class=\"has-text-align-left has-background\" style=\"background-color:#e4eeed\">\u201cIl y a m\u00eame eu quelque chose qu&rsquo;on n&rsquo;a pas vu en Europe, mais qui \u00e9tait du collag\u00e8ne de cadavres humain.\u201d<\/p>\n<cite>Roland Ney<\/cite><\/blockquote>\n\n\n\n<p><strong>Roland Ney :<\/strong> Donc les fillers ont commenc\u00e9 avec le collag\u00e8ne de b\u0153uf, il y a eu deux, trois autres tentatives avec du collag\u00e8ne de porc, il y a m\u00eame eu quelque chose qu&rsquo;on n&rsquo;a pas vu en Europe, mais qui \u00e9tait du collag\u00e8ne de cadavres humain qui ne n&rsquo;a pas eu un succ\u00e8s, mais qui n&rsquo;a jamais \u00e9t\u00e9 introduit en Europe. Ensuite, le collag\u00e8ne a \u00e9t\u00e9 remplac\u00e9 apr\u00e8s une dizaine d&rsquo;ann\u00e9es par l\u2019AH qui n&rsquo;a pas \u00e9t\u00e9 d\u00e9tr\u00f4n\u00e9 jusqu&rsquo;ici. Puis apr\u00e8s, il y a des mol\u00e9cules qui ne sont pas r\u00e9sorbables qui sont apparues sur le march\u00e9 qui continuent \u00e0 \u00eatre utilis\u00e9es. Peut-\u00eatre de mieux en mieux parce qu&rsquo;on comprend mieux maintenant les dilutions qu&rsquo;il faut faire et il y a moins d&rsquo;effets secondaires. Donc c&rsquo;est une diversification progressive parce que l&rsquo;industrie a fait des acides hyaluronique pour les diff\u00e9rents objectifs qu&rsquo;on a dans le traitement du visage, pour les diff\u00e9rents plans qu&rsquo;on veut traiter, pour les diff\u00e9rents buts, c&rsquo;est-\u00e0-dire si on veut stimuler la production de collag\u00e8ne ou si on veut am\u00e9liorer la perte de volume, ce ne seront pas les m\u00eames produits. En ce qui concerne la toxine botulique, elle \u00e9tait utilis\u00e9e aux \u00c9tats-Unis depuis les ann\u00e9es 80. C&rsquo;est un ophtalmologue am\u00e9ricain qui s&rsquo;appelle Scott, qui avait d\u00e9couvert les propri\u00e9t\u00e9s relaxantes de la toxine et c\u2019\u00e9tait utilis\u00e9 en ophtalmologie pour traiter les strabismes. La toxine, ensuite, s&rsquo;est d\u00e9velopp\u00e9e avec des indications diff\u00e9rentes. On a vu appara\u00eetre l&rsquo;indication du traitement de la transpiration. Il y a eu beaucoup, beaucoup d&rsquo;indications de m\u00e9decine interne et encore maintenant, plus de la moiti\u00e9 de la toxine qui est utilis\u00e9e dans le monde, donc plus de 50% de la toxine, est utilis\u00e9e pour des traitements m\u00e9dicaux et pas pour des traitements esth\u00e9tiques. Et puis les toxines se sont aussi am\u00e9lior\u00e9es en qualit\u00e9. Il y a un tr\u00e8s petit nombre de laboratoires qui fabriquent des toxines de grande qualit\u00e9. Donc \u00e7a reste un cr\u00e9neau tr\u00e8s particulier, mais voil\u00e0 pour ce qui est des produits injectables.<\/p>\n\n\n\n<h2 class=\"wp-block-heading\">Pouvez-vous nous raconter l&rsquo;histoire des lasers ?<\/h2>\n\n\n\n<blockquote class=\"wp-block-quote has-background is-layout-flow wp-block-quote-is-layout-flow\" style=\"background-color:#e4eeed\">\n<p class=\"has-text-align-left\">\u201cIl y a eu la grande r\u00e9volution amen\u00e9e par Rox Anderson expliquant le concept de photo thermolyse s\u00e9lective, permettant de d\u00e9truire une cible \u00e0 l&rsquo;int\u00e9rieur de la peau sans d\u00e9truire le reste du tissu.\u201d<\/p>\n<cite>Luigi Polla<\/cite><\/blockquote>\n\n\n\n<p><strong>Luigi Polla<\/strong> : Jusqu&rsquo;alors, on avait des lasers \u00e0 \u00e9mission continue, c&rsquo;est-\u00e0-dire, voil\u00e0, on pressait sur la p\u00e9dale et le laser \u00e9mettait un faisceau lumineux qui ne s&rsquo;arr\u00eatait pas, et finalement \u00e7a produisait de la chaleur. Pour les dermatologues ou pour ceux qui faisaient de la m\u00e9decine esth\u00e9tique, c&rsquo;\u00e9tait pas tellement int\u00e9ressant parce qu&rsquo;on br\u00fblait tout. Les seuls qui ont tir\u00e9 avantage de ces lasers en mode continu, l&rsquo;argon, ce sont les ophtalmologues. Ensuite, il y a eu la grande r\u00e9volution amen\u00e9e par Rox Anderson expliquant le concept de photo thermolyse s\u00e9lective, permettant de d\u00e9truire une cible \u00e0 l&rsquo;int\u00e9rieur de la peau sans d\u00e9truire le reste du tissu. C&rsquo;\u00e9tait gr\u00e2ce \u00e0 un choix de longueurs d&rsquo;onde pr\u00e9cis et \u00e0 l&rsquo;introduction de nouveaux lasers qui avaient des dur\u00e9es d&rsquo;impulsion tr\u00e8s br\u00e8ves. Ce qui permettait de garder la chaleur \u00e0 l\u2019int\u00e9rieure de la cible. Voil\u00e0, \u00e7a a \u00e9t\u00e9 la grande r\u00e9volution. Et puis sont apparus d&rsquo;autres appareils comme les ultrasons focalis\u00e9s pour faire un microlifting de la peau, la radiofr\u00e9quence pour rendre la peau plus ferme, les ondes de choc pour d\u00e9sagr\u00e9ger les fibres de la cellulite, et le froid pour \u00e9liminer les panicules adipeux, permettant de grands progr\u00e8s dans la m\u00e9decine esth\u00e9tique.<\/p>\n\n\n\n<h2 class=\"wp-block-heading\">Pendant toutes vos ann\u00e9es de pratique, avez-vous des anecdotes d\u00e9cal\u00e9es ?<\/h2>\n\n\n\n<p><strong>Roland Ney<\/strong> : \u00ab\u00a0Oh, oh, on a plusieurs, je pense, j&rsquo;en vais en raconter deux. Une, c&rsquo;\u00e9tait mon premier congr\u00e8s, je crois de m\u00e9decine esth\u00e9tique. C&rsquo;\u00e9tait \u00e0 Bruxelles et je r\u00e9alisais pas tr\u00e8s bien ce qu&rsquo;impliquait un traitement laser. Et l\u00e0, il y avait toute l&rsquo;audience. Et puis on dit s\u2019il y avait un involontaire qui veut venir, on va faire un traitement des petits vaisseaux. Alors j\u2019ai lev\u00e9 la main, je me suis \u00e9tendu. Et puis ils ont commenc\u00e9 \u00e0 me traiter, puis je voyais tous les visages au-dessus de moi qui disais oh, ah, oh comme \u00e7a, oh l\u00e0 l\u00e0. Et puis je r\u00e9alisais pas tout \u00e0 fait sur le moment ce qui se passait. Et puis quand je suis ressorti et que je me suis regard\u00e9 dans le miroir, j&rsquo;avais les joues compl\u00e8tement violettes puisque c&rsquo;\u00e9tait un laser qui produit du purpura, donc qui fait sauter les vaisseaux. Donc j&rsquo;avais les deux joues comme un immense h\u00e9matome qui a bien mis 15 jours \u00e0 s\u2019estomper.<\/p>\n\n\n\n<p>La deuxi\u00e8me anecdote qui est plus triste par contre, c&rsquo;est une patiente qui a demand\u00e9 \u00e0 me voir il y a quelques ann\u00e9es, deux ans, je crois, en disant \u00ab&nbsp;voil\u00e0, j&rsquo;ai re\u00e7u des injections dans la r\u00e9gion sous-orbitaire il y a deux mois. Et puis depuis, je vois plus bien, j&rsquo;aimerais que vous me fassiez de la hyaluronidase&nbsp;\u00bb. J\u2019ai dit ok venez, on va regarder. Elle est venue. Elle m&rsquo;a dit \u00ab&nbsp;Voil\u00e0, j&rsquo;ai vu un autre m\u00e9decin qui m&rsquo;a d\u00e9j\u00e0 mis de l\u2019hyaluronidase puis \u00e7a allait un petit peu mieux pendant une semaine, mais \u00e7a n&rsquo;a pas d\u00e9pass\u00e9 une semaine.&nbsp;\u00bb Et puis je l&rsquo;ai examin\u00e9 et apr\u00e8s mon examen, je lui ai dit \u00ab&nbsp;\u00c9coutez, ce que vous avez est sans rapport avec l&rsquo;AH. Vous avez des sympt\u00f4mes qui ne sont absolument pas normaux et pas compatibles avec l\u2019AH&nbsp;\u00bb parce qu&rsquo;elle avait un strabisme qu&rsquo;elle n&rsquo;avait pas avant. \u00ab&nbsp;Et il vous faut faire une r\u00e9sonance magn\u00e9tique. Et c&rsquo;est \u00e0 l&rsquo;int\u00e9rieur de la t\u00eate qu&rsquo;il faut voir s&rsquo;il n&rsquo;y a pas quelque chose.&nbsp;\u00bb Et effectivement, elle avait une tr\u00e8s grosse tumeur c\u00e9r\u00e9brale. Donc, juste pour rappeler aux m\u00e9decins qui sont des futurs ou des pr\u00e9sents m\u00e9decins esth\u00e9tiques qu&rsquo;on doit toujours \u00eatre m\u00e9decin d&rsquo;abord et qu&rsquo;on doit toujours r\u00e9fl\u00e9chir, d&rsquo;une part en m\u00e9decin, c&rsquo;est-\u00e0-dire est-ce qu&rsquo;il n\u2019y a pas un autre diagnostic derri\u00e8re et d&rsquo;autre part, \u00e0 ne pas faire des traitements qui seraient soit inutiles, soit au d\u00e9triment de la sant\u00e9 des patients.<\/p>\n\n\n\n<p><strong>Luigi Polla<\/strong> : Je prends une anecdote qui n&rsquo;a rien \u00e0 faire avec la pratique de la m\u00e9decine esth\u00e9tique. Ma premi\u00e8re assistante, m\u00e9decin, qui est venue \u00e0 mon institut pour apprendre le m\u00e9tier qu&rsquo;elle exerce actuellement. Lors de l&#8217;embauche, elle n&rsquo;a fait qu&rsquo;une seule demande. Elle m&rsquo;a dit \u2018\u2019J&rsquo;aimerais beaucoup que tu ne parles \u00e0 personne que je viens travailler chez toi\u201d. Surpis, j\u2019ai demand\u00e9 pourquoi. Elle me dit : \u00ab&nbsp;Tu sais, tu es le \u201cmouton noir\u201d de la dermatologie et on dit que la m\u00e9decine esth\u00e9tique, finalement, c&rsquo;est comme \u00eatre coiffeur \u00bb. \u00c7a, c&rsquo;\u00e9tait en 97, donc il n&rsquo;y a pas si longtemps que \u00e7a.<\/p>\n\n\n\n<h2 class=\"wp-block-heading\">Qu&rsquo;est-ce que vous recommanderiez \u00e0 un m\u00e9decin qui souhaiterait se lancer dans cette sp\u00e9cialit\u00e9 ?<\/h2>\n\n\n\n<p><strong>Luigi Polla :<\/strong> Je dirais que la m\u00e9decine esth\u00e9tique, tout comme n&rsquo;importe quelle autre branche m\u00e9dicale, est un art fond\u00e9 sur la science, un aspect que nous tendons, peut-\u00eatre, \u00e0 oublier un peu trop souvent en esth\u00e9tique, contrairement \u00e0 d&rsquo;autres sp\u00e9cialit\u00e9s m\u00e9dicales. En outre, comme le soulignait Roland, il est essentiel de se rappeler notre serment d&rsquo;Hippocrate et de garder \u00e0 l&rsquo;esprit que, dans chaque geste en tant que m\u00e9decin esth\u00e9tique, nous devons toujours prioriser cet engagement \u00e9thique.<\/p>\n\n\n\n<p><strong>Roland Ney&nbsp;:<\/strong> J&rsquo;ajouterai encore une chose : la m\u00e9decine esth\u00e9tique s&rsquo;est tellement complexifi\u00e9e que, pour l&rsquo;exercer de mani\u00e8re satisfaisante pour le patient, il faut s&rsquo;y consacrer enti\u00e8rement ou la pratiquer parall\u00e8lement \u00e0 une sp\u00e9cialit\u00e9 comme la dermatologie. Cependant, je ne vois pas comment la m\u00e9decine esth\u00e9tique pourrait \u00eatre une activit\u00e9 compl\u00e9mentaire pour des sp\u00e9cialistes en gyn\u00e9cologie ou en urologie, ou dans d&rsquo;autres domaines m\u00e9dicaux. Par cons\u00e9quent, pour un jeune m\u00e9decin attir\u00e9 par ce domaine, je recommanderais de plonger dedans s&rsquo;il envisage s\u00e9rieusement d&rsquo;en faire sa profession principale, ou du moins la majeure partie de son engagement professionnel. Se limiter \u00e0 y consacrer \u00e0 peine 5% de son temps n&rsquo;apportera jamais les r\u00e9sultats que les patients sont en droit d&rsquo;attendre.<\/p>\n\n\n\n<p><strong>Luigi Polla :<\/strong> Je suis totalement d&rsquo;accord avec cela. Comme dans toute entreprise, pour r\u00e9ussir, que ce soit en m\u00e9decine ou dans n&rsquo;importe quel domaine, on doit se donner \u00e0 100%. C&rsquo;est ainsi qu&rsquo;on r\u00e9ussit, qu&rsquo;on r\u00e9alise de belles choses, et qu&rsquo;on peut \u00eatre fier \u00e0 la fin de chaque journ\u00e9e. En effet, apr\u00e8s un certain temps, qui peut para\u00eetre relativement court, un engagement total \u00e0 100% nous conduit \u00e0 l&rsquo;excellence dans notre pratique et dans l&rsquo;accomplissement de nos objectifs professionnels.<\/p>\n\n\n\n<p><strong>Roland Ney<\/strong> : Et pour ce qui est de se donner \u00e0 100%, j&rsquo;ai une anecdote, car dans les ann\u00e9es 95, je pense, je passais quelquefois chez le docteur Polla quand il \u00e9tait dans son cabinet \u00e0 la place Cornavin. Il avait cette particularit\u00e9, commen\u00e7ant \u00e0 travailler d\u00e8s six heures du matin et continuant jusqu&rsquo;\u00e0 dix heures du soir. Il me disait donc, \u00ab\u00a0Tu peux venir si tu veux, alors viens entre 6 et 9 ou bien entre 7 heures du soir et 10 heures du soir.\u00a0\u00bb Ainsi, l&rsquo;engagement \u00e0 100% pour Polla, \u00e9tait en fait plus proche de 200%.<\/p>\n\n\n\n<h2 class=\"wp-block-heading\">Comment voyez-vous l&rsquo;avenir de la m\u00e9decine esth\u00e9tique ?<\/h2>\n\n\n\n<p><strong>Luigi Polla :<\/strong> Disons, si je me base sur l&rsquo;histoire de comment la m\u00e9decine esth\u00e9tique a \u00e9volu\u00e9, c&rsquo;est tr\u00e8s difficile de dire parce qu&rsquo;en fait, il arrive des choses dont on s&rsquo;attendait pas. Mais, on peut penser que la g\u00e9nomique, par exemple, va certainement entrer dans notre m\u00e9tier et peut-\u00eatre nous enl\u00e8vera une grande partie de notre travail parce qu&rsquo;on fera des interventions qui sont plus de m\u00e9decine, je dirais, presque de m\u00e9decine interne, avec les pharmas qui vont introduire des mol\u00e9cules qui vont permettre de r\u00e9g\u00e9n\u00e9rer les tissus. Et \u00e7a, c&rsquo;est en tout cas, pas avec les produits que nous avons maintenant, on arrive, bien s\u00fbr, on arrive \u00e0 r\u00e9g\u00e9n\u00e9rer les tissus partiellement, mais on est loin, on est peut-\u00eatre \u00e0 5%-10% de ce que probablement on pourra faire. Et sinon, l&rsquo;autre chose, ce qui pourrait intervenir, c&rsquo;est l&rsquo;intelligence artificielle, comme dans toutes les autres branches, dans toutes les autres professions, avec ces appareils qui nous permettront d&rsquo;analyser le visage de nos patients qui nous diront ce qu&rsquo;on pourrait faire de g\u00e9nial. Et puis m\u00eame apr\u00e8s une robotisation qui nous dira, on nous dira m\u00eame pas quoi faire. Ce sera le robot qui fera, bien s\u00fbr, l&rsquo;homme sera toujours l\u00e0. Le m\u00e9decin sera toujours l\u00e0 pour veiller au grain. Mais je pense que \u00e7a nous aiderait beaucoup si on allait, je pense que dans les deux ans qui vont venir, on va avoir un grand d\u00e9veloppement de l&rsquo;intelligence artificielle dans notre domaine.<\/p>\n\n\n\n<p><strong>Roland Ney&nbsp;:<\/strong> L&rsquo;intelligence artificielle, l&rsquo;imagerie 3D, va beaucoup r\u00e9volutionner les choses. \u00c0 mon avis, une partie non n\u00e9gligeable de la m\u00e9decine esth\u00e9tique ne sera plus pratiqu\u00e9e par des m\u00e9decins, mais par d&rsquo;autres professionnels de sant\u00e9 qui se formeront ou seront form\u00e9s par des robots. L&rsquo;\u00e9tat actuel des choses, o\u00f9 ce sont pratiquement que des m\u00e9decins qui travaillent dans ce domaine va changer \u00e0 mon avis, car il est dans l&rsquo;int\u00e9r\u00eat de la soci\u00e9t\u00e9 de r\u00e9duire les co\u00fbts et c&rsquo;est surtout l&rsquo;int\u00e9r\u00eat de l&rsquo;industrie d&rsquo;avoir plus de personnes ou plus de machines pratiquant ces actes de m\u00e9decine esth\u00e9tique. Donc, je pense qu&rsquo;il y aura un assez grand changement dans le panorama des acteurs de la m\u00e9decine esth\u00e9tique. C&rsquo;est pourquoi les m\u00e9decins qui veulent s&rsquo;y lancer maintenant doivent avoir une formation tr\u00e8s solide pour \u00eatre au-dessus de toute cette vari\u00e9t\u00e9 de gestes effectu\u00e9s par des machines, des robots ou des collaborateurs non m\u00e9decins habilit\u00e9s \u00e0 faire des traitements.<\/p>\n\n\n\n<p><strong>Luigi Polla :<\/strong> Oui, j&rsquo;ai une anecdote \u00e0 ce sujet qui m&rsquo;a fait sourire il y a une semaine. Mon petit-fils, Leonardo, \u00e2g\u00e9 de 11 ans, m&rsquo;a dit : \u00ab&nbsp;Tu sais, Papou, j&rsquo;ai discut\u00e9 avec maman, je vais faire de la dermatologie parce que j&rsquo;ai envie de prendre ta rel\u00e8ve plus tard.&nbsp;\u00bb Je ne vais pas vous raconter la suite, mais je lui ai dit : \u00ab&nbsp;Tu sais, si tu veux faire de la dermatologie, tu ne seras pas install\u00e9 avant l&rsquo;\u00e2ge de 40 ans. Et surtout, tu vas d&rsquo;abord \u00e9tudier la m\u00e9decine, puis parall\u00e8lement, tu suivras un master \u00e0 l&rsquo;EPFL ou dans une autre grande \u00e9cole comme le MIT, etc. Parce que l&rsquo;avenir ne sera pas entre les mains du simple m\u00e9decin.&nbsp;\u00bb C&rsquo;est exactement dans cette direction. Effectivement, je pense que si vous \u00eates un jeune m\u00e9decin encore en formation, int\u00e9ressez-vous \u00e0 ce qui se fait en sciences humaines et aussi en sciences techniques.<\/p>\n\n\n\n<h2 class=\"wp-block-heading\">Conclusion<\/h2>\n\n\n\n<p>Cette interview avec le Dr Roland Ney et le Dr Luigi Polla, deux pionniers de la m\u00e9decine esth\u00e9tique, nous plonge dans les racines et l&rsquo;\u00e9volution de cette discipline fascinante. Leur dialogue r\u00e9v\u00e8le un parcours innovant marqu\u00e9 par la passion, l&rsquo;exploration des limites de la m\u00e9decine esth\u00e9tique, et une qu\u00eate incessante d&rsquo;am\u00e9lioration. Ces r\u00e9cits personnels et professionnels mettent en lumi\u00e8re non seulement l&rsquo;importance de la formation solide, mais aussi la n\u00e9cessit\u00e9 d&rsquo;une approche \u00e9thique et d\u00e9vou\u00e9e. Leur vision pour l&rsquo;avenir, o\u00f9 la technologie, notamment l&rsquo;intelligence artificielle, jouera un r\u00f4le croissant, souligne l&rsquo;importance cruciale de rester \u00e0 la pointe du progr\u00e8s et de l&rsquo;innovation. L&rsquo;interview, riche en anecdotes et en perspectives, est un rappel puissant que dans le domaine de la m\u00e9decine esth\u00e9tique, comme le soulignent nos interlocuteurs, si l&rsquo;on choisit de s&rsquo;engager, il convient de le faire avec excellence et int\u00e9grit\u00e9.<\/p>\n","protected":false},"excerpt":{"rendered":"<p>Explorant les racines et les d\u00e9veloppements r\u00e9cents de la m\u00e9decine esth\u00e9tique, nous avons eu le privil\u00e8ge de dialoguer avec le Dr Roland Ney et le Dr Luigi Polla. Ces pionniers, par leurs trajectoires exceptionnelles et leurs avanc\u00e9es significatives, ont profond\u00e9ment influenc\u00e9 le champ de la m\u00e9decine esth\u00e9tique.<\/p>\n","protected":false},"author":2,"featured_media":37688,"comment_status":"closed","ping_status":"open","sticky":false,"template":"","format":"standard","meta":{"content-type":"","_joinchat":[],"footnotes":"","_links_to":"","_links_to_target":""},"categories":[44,45],"tags":[],"class_list":["post-37298","post","type-post","status-publish","format-standard","has-post-thumbnail","hentry","category-articles","category-articles-fr"],"yoast_head":"<!-- This site is optimized with the Yoast SEO plugin v27.5 - https:\/\/yoast.com\/product\/yoast-seo-wordpress\/ -->\n<title>Les Pionniers de la M\u00e9decine Esth\u00e9tique : Rencontre avec le Dr Roland Ney et le Dr Luigi Polla - SAMBA<\/title>\n<meta name=\"description\" content=\"Nous avons eu l&#039;honneur de nous entretenir avec deux figures embl\u00e9matiques : le Dr Roland Ney et le Dr Luigi Polla, dont les parcours uniques et les contributions ont marqu\u00e9 l&#039;histoire de la m\u00e9decine esth\u00e9tique.\" \/>\n<meta name=\"robots\" content=\"index, follow, max-snippet:-1, max-image-preview:large, max-video-preview:-1\" \/>\n<link rel=\"canonical\" href=\"https:\/\/sambacademy.com\/fr\/rencontre-dr-roland-ney-dr-luigi-polla\/\" \/>\n<meta property=\"og:locale\" content=\"fr_FR\" \/>\n<meta property=\"og:type\" content=\"article\" \/>\n<meta property=\"og:title\" content=\"Les Pionniers de la M\u00e9decine Esth\u00e9tique : Rencontre avec le Dr Roland Ney et le Dr Luigi Polla - SAMBA\" \/>\n<meta property=\"og:description\" content=\"Nous avons eu l&#039;honneur de nous entretenir avec deux figures embl\u00e9matiques : le Dr Roland Ney et le Dr Luigi Polla, dont les parcours uniques et les contributions ont marqu\u00e9 l&#039;histoire de la m\u00e9decine esth\u00e9tique.\" \/>\n<meta property=\"og:url\" content=\"https:\/\/sambacademy.com\/fr\/rencontre-dr-roland-ney-dr-luigi-polla\/\" \/>\n<meta property=\"og:site_name\" content=\"SAMBA\" \/>\n<meta property=\"article:publisher\" content=\"https:\/\/www.facebook.com\/people\/SAMBA-Swiss-Aesthetic-Medicine-Business-Academy\/100084333172309\/\" \/>\n<meta property=\"article:published_time\" content=\"2024-03-15T15:11:41+00:00\" \/>\n<meta property=\"article:modified_time\" content=\"2024-04-26T08:55:15+00:00\" \/>\n<meta property=\"og:image\" content=\"https:\/\/sambacademy.com\/wp-content\/uploads\/2024\/03\/intreview-dr-ney-dr-polla_fr-3.jpg\" \/>\n\t<meta property=\"og:image:width\" content=\"1500\" \/>\n\t<meta property=\"og:image:height\" content=\"894\" \/>\n\t<meta property=\"og:image:type\" content=\"image\/jpeg\" \/>\n<meta name=\"author\" content=\"Guilhem Poron\" \/>\n<meta name=\"twitter:card\" content=\"summary_large_image\" \/>\n<meta name=\"twitter:label1\" content=\"\u00c9crit par\" \/>\n\t<meta name=\"twitter:data1\" content=\"Guilhem Poron\" \/>\n\t<meta name=\"twitter:label2\" content=\"Dur\u00e9e de lecture estim\u00e9e\" \/>\n\t<meta name=\"twitter:data2\" content=\"15 minutes\" \/>\n<script type=\"application\/ld+json\" class=\"yoast-schema-graph\">{\"@context\":\"https:\\\/\\\/schema.org\",\"@graph\":[{\"@type\":\"Article\",\"@id\":\"https:\\\/\\\/sambacademy.com\\\/fr\\\/rencontre-dr-roland-ney-dr-luigi-polla\\\/#article\",\"isPartOf\":{\"@id\":\"https:\\\/\\\/sambacademy.com\\\/fr\\\/rencontre-dr-roland-ney-dr-luigi-polla\\\/\"},\"author\":{\"name\":\"Guilhem Poron\",\"@id\":\"https:\\\/\\\/sambacademy.com\\\/fr\\\/#\\\/schema\\\/person\\\/256d2ddc54d974b865824343f2f17930\"},\"headline\":\"Les Pionniers de la M\u00e9decine Esth\u00e9tique : Rencontre avec le Dr Roland Ney et le Dr Luigi Polla\",\"datePublished\":\"2024-03-15T15:11:41+00:00\",\"dateModified\":\"2024-04-26T08:55:15+00:00\",\"mainEntityOfPage\":{\"@id\":\"https:\\\/\\\/sambacademy.com\\\/fr\\\/rencontre-dr-roland-ney-dr-luigi-polla\\\/\"},\"wordCount\":3846,\"publisher\":{\"@id\":\"https:\\\/\\\/sambacademy.com\\\/fr\\\/#organization\"},\"image\":{\"@id\":\"https:\\\/\\\/sambacademy.com\\\/fr\\\/rencontre-dr-roland-ney-dr-luigi-polla\\\/#primaryimage\"},\"thumbnailUrl\":\"https:\\\/\\\/sambacademy.com\\\/wp-content\\\/uploads\\\/2024\\\/03\\\/intreview-dr-ney-dr-polla_fr-3.jpg\",\"articleSection\":[\"Articles\",\"Articles\"],\"inLanguage\":\"fr-FR\"},{\"@type\":\"WebPage\",\"@id\":\"https:\\\/\\\/sambacademy.com\\\/fr\\\/rencontre-dr-roland-ney-dr-luigi-polla\\\/\",\"url\":\"https:\\\/\\\/sambacademy.com\\\/fr\\\/rencontre-dr-roland-ney-dr-luigi-polla\\\/\",\"name\":\"Les Pionniers de la M\u00e9decine Esth\u00e9tique : Rencontre avec le Dr Roland Ney et le Dr Luigi Polla - SAMBA\",\"isPartOf\":{\"@id\":\"https:\\\/\\\/sambacademy.com\\\/fr\\\/#website\"},\"primaryImageOfPage\":{\"@id\":\"https:\\\/\\\/sambacademy.com\\\/fr\\\/rencontre-dr-roland-ney-dr-luigi-polla\\\/#primaryimage\"},\"image\":{\"@id\":\"https:\\\/\\\/sambacademy.com\\\/fr\\\/rencontre-dr-roland-ney-dr-luigi-polla\\\/#primaryimage\"},\"thumbnailUrl\":\"https:\\\/\\\/sambacademy.com\\\/wp-content\\\/uploads\\\/2024\\\/03\\\/intreview-dr-ney-dr-polla_fr-3.jpg\",\"datePublished\":\"2024-03-15T15:11:41+00:00\",\"dateModified\":\"2024-04-26T08:55:15+00:00\",\"description\":\"Nous avons eu l'honneur de nous entretenir avec deux figures embl\u00e9matiques : le Dr Roland Ney et le Dr Luigi Polla, dont les parcours uniques et les contributions ont marqu\u00e9 l'histoire de la m\u00e9decine esth\u00e9tique.\",\"breadcrumb\":{\"@id\":\"https:\\\/\\\/sambacademy.com\\\/fr\\\/rencontre-dr-roland-ney-dr-luigi-polla\\\/#breadcrumb\"},\"inLanguage\":\"fr-FR\",\"potentialAction\":[{\"@type\":\"ReadAction\",\"target\":[\"https:\\\/\\\/sambacademy.com\\\/fr\\\/rencontre-dr-roland-ney-dr-luigi-polla\\\/\"]}]},{\"@type\":\"ImageObject\",\"inLanguage\":\"fr-FR\",\"@id\":\"https:\\\/\\\/sambacademy.com\\\/fr\\\/rencontre-dr-roland-ney-dr-luigi-polla\\\/#primaryimage\",\"url\":\"https:\\\/\\\/sambacademy.com\\\/wp-content\\\/uploads\\\/2024\\\/03\\\/intreview-dr-ney-dr-polla_fr-3.jpg\",\"contentUrl\":\"https:\\\/\\\/sambacademy.com\\\/wp-content\\\/uploads\\\/2024\\\/03\\\/intreview-dr-ney-dr-polla_fr-3.jpg\",\"width\":1500,\"height\":894},{\"@type\":\"BreadcrumbList\",\"@id\":\"https:\\\/\\\/sambacademy.com\\\/fr\\\/rencontre-dr-roland-ney-dr-luigi-polla\\\/#breadcrumb\",\"itemListElement\":[{\"@type\":\"ListItem\",\"position\":1,\"name\":\"Accueil\",\"item\":\"https:\\\/\\\/sambacademy.com\\\/fr\\\/accueil\\\/\"},{\"@type\":\"ListItem\",\"position\":2,\"name\":\"Les Pionniers de la M\u00e9decine Esth\u00e9tique : Rencontre avec le Dr Roland Ney et le Dr Luigi Polla\"}]},{\"@type\":\"WebSite\",\"@id\":\"https:\\\/\\\/sambacademy.com\\\/fr\\\/#website\",\"url\":\"https:\\\/\\\/sambacademy.com\\\/fr\\\/\",\"name\":\"SAMBA\",\"description\":\"Swiss Aesthetic Medicine and Business Academy\",\"publisher\":{\"@id\":\"https:\\\/\\\/sambacademy.com\\\/fr\\\/#organization\"},\"potentialAction\":[{\"@type\":\"SearchAction\",\"target\":{\"@type\":\"EntryPoint\",\"urlTemplate\":\"https:\\\/\\\/sambacademy.com\\\/fr\\\/?s={search_term_string}\"},\"query-input\":{\"@type\":\"PropertyValueSpecification\",\"valueRequired\":true,\"valueName\":\"search_term_string\"}}],\"inLanguage\":\"fr-FR\"},{\"@type\":\"Organization\",\"@id\":\"https:\\\/\\\/sambacademy.com\\\/fr\\\/#organization\",\"name\":\"SAMBA \u2013 Swiss Aesthetic Medicine and Business Academy\",\"url\":\"https:\\\/\\\/sambacademy.com\\\/fr\\\/\",\"logo\":{\"@type\":\"ImageObject\",\"inLanguage\":\"fr-FR\",\"@id\":\"https:\\\/\\\/sambacademy.com\\\/fr\\\/#\\\/schema\\\/logo\\\/image\\\/\",\"url\":\"https:\\\/\\\/sambacademy.com\\\/wp-content\\\/uploads\\\/2023\\\/10\\\/SAMBA_logo_tagline.png\",\"contentUrl\":\"https:\\\/\\\/sambacademy.com\\\/wp-content\\\/uploads\\\/2023\\\/10\\\/SAMBA_logo_tagline.png\",\"width\":600,\"height\":123,\"caption\":\"SAMBA \u2013 Swiss Aesthetic Medicine and Business Academy\"},\"image\":{\"@id\":\"https:\\\/\\\/sambacademy.com\\\/fr\\\/#\\\/schema\\\/logo\\\/image\\\/\"},\"sameAs\":[\"https:\\\/\\\/www.facebook.com\\\/people\\\/SAMBA-Swiss-Aesthetic-Medicine-Business-Academy\\\/100084333172309\\\/\",\"https:\\\/\\\/www.linkedin.com\\\/company\\\/samba-academy\\\/\",\"https:\\\/\\\/www.instagram.com\\\/samba_academy_official\\\/\"]},{\"@type\":\"Person\",\"@id\":\"https:\\\/\\\/sambacademy.com\\\/fr\\\/#\\\/schema\\\/person\\\/256d2ddc54d974b865824343f2f17930\",\"name\":\"Guilhem Poron\",\"image\":{\"@type\":\"ImageObject\",\"inLanguage\":\"fr-FR\",\"@id\":\"https:\\\/\\\/secure.gravatar.com\\\/avatar\\\/d7579bea9d06c4c7572786c05a6f1020d1a66c26aaadc64e48f4c4b729682bba?s=96&d=mm&r=g\",\"url\":\"https:\\\/\\\/secure.gravatar.com\\\/avatar\\\/d7579bea9d06c4c7572786c05a6f1020d1a66c26aaadc64e48f4c4b729682bba?s=96&d=mm&r=g\",\"contentUrl\":\"https:\\\/\\\/secure.gravatar.com\\\/avatar\\\/d7579bea9d06c4c7572786c05a6f1020d1a66c26aaadc64e48f4c4b729682bba?s=96&d=mm&r=g\",\"caption\":\"Guilhem Poron\"},\"url\":\"https:\\\/\\\/sambacademy.com\\\/fr\\\/author\\\/guilhem-poron\\\/\"}]}<\/script>\n<!-- \/ Yoast SEO plugin. -->","yoast_head_json":{"title":"Les Pionniers de la M\u00e9decine Esth\u00e9tique : Rencontre avec le Dr Roland Ney et le Dr Luigi Polla - SAMBA","description":"Nous avons eu l'honneur de nous entretenir avec deux figures embl\u00e9matiques : le Dr Roland Ney et le Dr Luigi Polla, dont les parcours uniques et les contributions ont marqu\u00e9 l'histoire de la m\u00e9decine esth\u00e9tique.","robots":{"index":"index","follow":"follow","max-snippet":"max-snippet:-1","max-image-preview":"max-image-preview:large","max-video-preview":"max-video-preview:-1"},"canonical":"https:\/\/sambacademy.com\/fr\/rencontre-dr-roland-ney-dr-luigi-polla\/","og_locale":"fr_FR","og_type":"article","og_title":"Les Pionniers de la M\u00e9decine Esth\u00e9tique : Rencontre avec le Dr Roland Ney et le Dr Luigi Polla - SAMBA","og_description":"Nous avons eu l'honneur de nous entretenir avec deux figures embl\u00e9matiques : le Dr Roland Ney et le Dr Luigi Polla, dont les parcours uniques et les contributions ont marqu\u00e9 l'histoire de la m\u00e9decine esth\u00e9tique.","og_url":"https:\/\/sambacademy.com\/fr\/rencontre-dr-roland-ney-dr-luigi-polla\/","og_site_name":"SAMBA","article_publisher":"https:\/\/www.facebook.com\/people\/SAMBA-Swiss-Aesthetic-Medicine-Business-Academy\/100084333172309\/","article_published_time":"2024-03-15T15:11:41+00:00","article_modified_time":"2024-04-26T08:55:15+00:00","og_image":[{"width":1500,"height":894,"url":"https:\/\/sambacademy.com\/wp-content\/uploads\/2024\/03\/intreview-dr-ney-dr-polla_fr-3.jpg","type":"image\/jpeg"}],"author":"Guilhem Poron","twitter_card":"summary_large_image","twitter_misc":{"\u00c9crit par":"Guilhem Poron","Dur\u00e9e de lecture estim\u00e9e":"15 minutes"},"schema":{"@context":"https:\/\/schema.org","@graph":[{"@type":"Article","@id":"https:\/\/sambacademy.com\/fr\/rencontre-dr-roland-ney-dr-luigi-polla\/#article","isPartOf":{"@id":"https:\/\/sambacademy.com\/fr\/rencontre-dr-roland-ney-dr-luigi-polla\/"},"author":{"name":"Guilhem Poron","@id":"https:\/\/sambacademy.com\/fr\/#\/schema\/person\/256d2ddc54d974b865824343f2f17930"},"headline":"Les Pionniers de la M\u00e9decine Esth\u00e9tique : Rencontre avec le Dr Roland Ney et le Dr Luigi Polla","datePublished":"2024-03-15T15:11:41+00:00","dateModified":"2024-04-26T08:55:15+00:00","mainEntityOfPage":{"@id":"https:\/\/sambacademy.com\/fr\/rencontre-dr-roland-ney-dr-luigi-polla\/"},"wordCount":3846,"publisher":{"@id":"https:\/\/sambacademy.com\/fr\/#organization"},"image":{"@id":"https:\/\/sambacademy.com\/fr\/rencontre-dr-roland-ney-dr-luigi-polla\/#primaryimage"},"thumbnailUrl":"https:\/\/sambacademy.com\/wp-content\/uploads\/2024\/03\/intreview-dr-ney-dr-polla_fr-3.jpg","articleSection":["Articles","Articles"],"inLanguage":"fr-FR"},{"@type":"WebPage","@id":"https:\/\/sambacademy.com\/fr\/rencontre-dr-roland-ney-dr-luigi-polla\/","url":"https:\/\/sambacademy.com\/fr\/rencontre-dr-roland-ney-dr-luigi-polla\/","name":"Les Pionniers de la M\u00e9decine Esth\u00e9tique : Rencontre avec le Dr Roland Ney et le Dr Luigi Polla - SAMBA","isPartOf":{"@id":"https:\/\/sambacademy.com\/fr\/#website"},"primaryImageOfPage":{"@id":"https:\/\/sambacademy.com\/fr\/rencontre-dr-roland-ney-dr-luigi-polla\/#primaryimage"},"image":{"@id":"https:\/\/sambacademy.com\/fr\/rencontre-dr-roland-ney-dr-luigi-polla\/#primaryimage"},"thumbnailUrl":"https:\/\/sambacademy.com\/wp-content\/uploads\/2024\/03\/intreview-dr-ney-dr-polla_fr-3.jpg","datePublished":"2024-03-15T15:11:41+00:00","dateModified":"2024-04-26T08:55:15+00:00","description":"Nous avons eu l'honneur de nous entretenir avec deux figures embl\u00e9matiques : le Dr Roland Ney et le Dr Luigi Polla, dont les parcours uniques et les contributions ont marqu\u00e9 l'histoire de la m\u00e9decine esth\u00e9tique.","breadcrumb":{"@id":"https:\/\/sambacademy.com\/fr\/rencontre-dr-roland-ney-dr-luigi-polla\/#breadcrumb"},"inLanguage":"fr-FR","potentialAction":[{"@type":"ReadAction","target":["https:\/\/sambacademy.com\/fr\/rencontre-dr-roland-ney-dr-luigi-polla\/"]}]},{"@type":"ImageObject","inLanguage":"fr-FR","@id":"https:\/\/sambacademy.com\/fr\/rencontre-dr-roland-ney-dr-luigi-polla\/#primaryimage","url":"https:\/\/sambacademy.com\/wp-content\/uploads\/2024\/03\/intreview-dr-ney-dr-polla_fr-3.jpg","contentUrl":"https:\/\/sambacademy.com\/wp-content\/uploads\/2024\/03\/intreview-dr-ney-dr-polla_fr-3.jpg","width":1500,"height":894},{"@type":"BreadcrumbList","@id":"https:\/\/sambacademy.com\/fr\/rencontre-dr-roland-ney-dr-luigi-polla\/#breadcrumb","itemListElement":[{"@type":"ListItem","position":1,"name":"Accueil","item":"https:\/\/sambacademy.com\/fr\/accueil\/"},{"@type":"ListItem","position":2,"name":"Les Pionniers de la M\u00e9decine Esth\u00e9tique : Rencontre avec le Dr Roland Ney et le Dr Luigi Polla"}]},{"@type":"WebSite","@id":"https:\/\/sambacademy.com\/fr\/#website","url":"https:\/\/sambacademy.com\/fr\/","name":"SAMBA","description":"Swiss Aesthetic Medicine and Business Academy","publisher":{"@id":"https:\/\/sambacademy.com\/fr\/#organization"},"potentialAction":[{"@type":"SearchAction","target":{"@type":"EntryPoint","urlTemplate":"https:\/\/sambacademy.com\/fr\/?s={search_term_string}"},"query-input":{"@type":"PropertyValueSpecification","valueRequired":true,"valueName":"search_term_string"}}],"inLanguage":"fr-FR"},{"@type":"Organization","@id":"https:\/\/sambacademy.com\/fr\/#organization","name":"SAMBA \u2013 Swiss Aesthetic Medicine and Business Academy","url":"https:\/\/sambacademy.com\/fr\/","logo":{"@type":"ImageObject","inLanguage":"fr-FR","@id":"https:\/\/sambacademy.com\/fr\/#\/schema\/logo\/image\/","url":"https:\/\/sambacademy.com\/wp-content\/uploads\/2023\/10\/SAMBA_logo_tagline.png","contentUrl":"https:\/\/sambacademy.com\/wp-content\/uploads\/2023\/10\/SAMBA_logo_tagline.png","width":600,"height":123,"caption":"SAMBA \u2013 Swiss Aesthetic Medicine and Business Academy"},"image":{"@id":"https:\/\/sambacademy.com\/fr\/#\/schema\/logo\/image\/"},"sameAs":["https:\/\/www.facebook.com\/people\/SAMBA-Swiss-Aesthetic-Medicine-Business-Academy\/100084333172309\/","https:\/\/www.linkedin.com\/company\/samba-academy\/","https:\/\/www.instagram.com\/samba_academy_official\/"]},{"@type":"Person","@id":"https:\/\/sambacademy.com\/fr\/#\/schema\/person\/256d2ddc54d974b865824343f2f17930","name":"Guilhem Poron","image":{"@type":"ImageObject","inLanguage":"fr-FR","@id":"https:\/\/secure.gravatar.com\/avatar\/d7579bea9d06c4c7572786c05a6f1020d1a66c26aaadc64e48f4c4b729682bba?s=96&d=mm&r=g","url":"https:\/\/secure.gravatar.com\/avatar\/d7579bea9d06c4c7572786c05a6f1020d1a66c26aaadc64e48f4c4b729682bba?s=96&d=mm&r=g","contentUrl":"https:\/\/secure.gravatar.com\/avatar\/d7579bea9d06c4c7572786c05a6f1020d1a66c26aaadc64e48f4c4b729682bba?s=96&d=mm&r=g","caption":"Guilhem Poron"},"url":"https:\/\/sambacademy.com\/fr\/author\/guilhem-poron\/"}]}},"_links":{"self":[{"href":"https:\/\/sambacademy.com\/fr\/wp-json\/wp\/v2\/posts\/37298","targetHints":{"allow":["GET"]}}],"collection":[{"href":"https:\/\/sambacademy.com\/fr\/wp-json\/wp\/v2\/posts"}],"about":[{"href":"https:\/\/sambacademy.com\/fr\/wp-json\/wp\/v2\/types\/post"}],"author":[{"embeddable":true,"href":"https:\/\/sambacademy.com\/fr\/wp-json\/wp\/v2\/users\/2"}],"replies":[{"embeddable":true,"href":"https:\/\/sambacademy.com\/fr\/wp-json\/wp\/v2\/comments?post=37298"}],"version-history":[{"count":35,"href":"https:\/\/sambacademy.com\/fr\/wp-json\/wp\/v2\/posts\/37298\/revisions"}],"predecessor-version":[{"id":37357,"href":"https:\/\/sambacademy.com\/fr\/wp-json\/wp\/v2\/posts\/37298\/revisions\/37357"}],"wp:featuredmedia":[{"embeddable":true,"href":"https:\/\/sambacademy.com\/fr\/wp-json\/wp\/v2\/media\/37688"}],"wp:attachment":[{"href":"https:\/\/sambacademy.com\/fr\/wp-json\/wp\/v2\/media?parent=37298"}],"wp:term":[{"taxonomy":"category","embeddable":true,"href":"https:\/\/sambacademy.com\/fr\/wp-json\/wp\/v2\/categories?post=37298"},{"taxonomy":"post_tag","embeddable":true,"href":"https:\/\/sambacademy.com\/fr\/wp-json\/wp\/v2\/tags?post=37298"}],"curies":[{"name":"wp","href":"https:\/\/api.w.org\/{rel}","templated":true}]}}